{"id":19899,"date":"2024-09-11T19:40:40","date_gmt":"2024-09-12T01:40:40","guid":{"rendered":"https:\/\/gobernacionaltaverapaz.gob.gt\/?p=19899"},"modified":"2024-09-23T16:53:57","modified_gmt":"2024-09-23T22:53:57","slug":"se-conmemora-la-lucha-del-cobanero-manuel-tot-simbolo-inmortal-de-la-resistencia-y-dignidad-del-pueblo-maya-qeqchi","status":"publish","type":"post","link":"https:\/\/gobernacionaltaverapaz.gob.gt\/?p=19899","title":{"rendered":"Se conmemora la lucha del cobanero Manuel Tot, s\u00edmbolo inmortal de la resistencia y dignidad del pueblo maya q\u2019eqchi"},"content":{"rendered":"<div class=\"x11i5rnm xat24cr x1mh8g0r x1vvkbs xtlvy1s x126k92a\">\n<div dir=\"auto\" style=\"text-align: justify;\">Nacido en Chinimlajom, en nuestra querida Alta Verapaz, en 1790, Tot se levant\u00f3 con valent\u00eda contra los abusos que sufr\u00edan los pueblos ind\u00edgenas bajo el yugo de la corona espa\u00f1ola y sus autoridades. Fue un interlocutor incansable, defendiendo los derechos y la dignidad de su gente frente a quienes buscaban perpetuar la opresi\u00f3n.<\/div>\n<\/div>\n<div class=\"x11i5rnm xat24cr x1mh8g0r x1vvkbs xtlvy1s x126k92a\" style=\"text-align: justify;\">\n<div dir=\"auto\">Su participaci\u00f3n en la Conspiraci\u00f3n de Bel\u00e9n en 1813 lo consagra como un precursor de nuestra lucha por la independencia.<\/div>\n<\/div>\n<div class=\"x11i5rnm xat24cr x1mh8g0r x1vvkbs xtlvy1s x126k92a\">\n<div dir=\"auto\" style=\"text-align: justify;\">Manuel Tot alz\u00f3 su voz por los m\u00e1s vulnerables, aquellos que hab\u00edan sido relegados y explotados durante siglos. Su compromiso con la libertad le cost\u00f3 la vida. Encarcelado, torturado y encadenado hasta su \u00faltimo aliento, pidi\u00f3 ser sepultado con esas cadenas, como un testimonio de su lucha inquebrantable por la justicia y la libertad de su pueblo.<\/div>\n<\/div>\n<p>&nbsp;<\/p>\n<div><\/div>\n","protected":false},"excerpt":{"rendered":"<p>Nacido en Chinimlajom, en nuestra querida Alta Verapaz, en 1790, Tot se levant\u00f3 con valent\u00eda contra los abusos que sufr\u00edan los pueblos ind\u00edgenas bajo el yugo de la corona espa\u00f1ola y sus autoridades. Fue un interlocutor incansable, defendiendo los derechos y la dignidad de su gente frente a quienes buscaban perpetuar la opresi\u00f3n. Su participaci\u00f3n [&hellip;]<\/p>\n","protected":false},"author":1,"featured_media":19887,"comment_status":"closed","ping_status":"open","sticky":false,"template":"","format":"standard","meta":[],"categories":[183],"tags":[178],"_links":{"self":[{"href":"https:\/\/gobernacionaltaverapaz.gob.gt\/index.php?rest_route=\/wp\/v2\/posts\/19899"}],"collection":[{"href":"https:\/\/gobernacionaltaverapaz.gob.gt\/index.php?rest_route=\/wp\/v2\/posts"}],"about":[{"href":"https:\/\/gobernacionaltaverapaz.gob.gt\/index.php?rest_route=\/wp\/v2\/types\/post"}],"author":[{"embeddable":true,"href":"https:\/\/gobernacionaltaverapaz.gob.gt\/index.php?rest_route=\/wp\/v2\/users\/1"}],"replies":[{"embeddable":true,"href":"https:\/\/gobernacionaltaverapaz.gob.gt\/index.php?rest_route=%2Fwp%2Fv2%2Fcomments&post=19899"}],"version-history":[{"count":1,"href":"https:\/\/gobernacionaltaverapaz.gob.gt\/index.php?rest_route=\/wp\/v2\/posts\/19899\/revisions"}],"predecessor-version":[{"id":19900,"href":"https:\/\/gobernacionaltaverapaz.gob.gt\/index.php?rest_route=\/wp\/v2\/posts\/19899\/revisions\/19900"}],"wp:featuredmedia":[{"embeddable":true,"href":"https:\/\/gobernacionaltaverapaz.gob.gt\/index.php?rest_route=\/wp\/v2\/media\/19887"}],"wp:attachment":[{"href":"https:\/\/gobernacionaltaverapaz.gob.gt\/index.php?rest_route=%2Fwp%2Fv2%2Fmedia&parent=19899"}],"wp:term":[{"taxonomy":"category","embeddable":true,"href":"https:\/\/gobernacionaltaverapaz.gob.gt\/index.php?rest_route=%2Fwp%2Fv2%2Fcategories&post=19899"},{"taxonomy":"post_tag","embeddable":true,"href":"https:\/\/gobernacionaltaverapaz.gob.gt\/index.php?rest_route=%2Fwp%2Fv2%2Ftags&post=19899"}],"curies":[{"name":"wp","href":"https:\/\/api.w.org\/{rel}","templated":true}]}}