{"id":19912,"date":"2024-09-12T13:18:58","date_gmt":"2024-09-12T19:18:58","guid":{"rendered":"https:\/\/gobernacionaltaverapaz.gob.gt\/?p=19912"},"modified":"2024-09-23T17:01:40","modified_gmt":"2024-09-23T23:01:40","slug":"se-realizo-un-acto-civico-en-conmemoracion-al-mes-de-la-independencia-organizado-por-las-instituciones-del-coredur","status":"publish","type":"post","link":"https:\/\/gobernacionaltaverapaz.gob.gt\/?p=19912","title":{"rendered":"Se realiz\u00f3 un acto c\u00edvico en conmemoraci\u00f3n al mes de la Independencia, organizado por las instituciones del COREDUR"},"content":{"rendered":"<p style=\"text-align: justify;\"><span class=\"x193iq5w xeuugli x13faqbe x1vvkbs x1xmvt09 x1lliihq x1s928wv xhkezso x1gmr53x x1cpjm7i x1fgarty x1943h6x xudqn12 x3x7a5m x6prxxf xvq8zen xo1l8bm xzsf02u x1yc453h\" dir=\"auto\">Hoy 12 de septiembre se realiz\u00f3 un acto c\u00edvico en conmemoraci\u00f3n al mes de la Independencia, organizado por las instituciones del COREDUR. Los asistentes disfrutaron de actos culturales y stands que mostraron la riqueza y diversidad de la cultura guatemalteca. \u00a1Viva Guatemala! <\/span><\/p>\n<p>&nbsp;<\/p>\n<div><\/div>\n","protected":false},"excerpt":{"rendered":"<p>Hoy 12 de septiembre se realiz\u00f3 un acto c\u00edvico en conmemoraci\u00f3n al mes de la Independencia, organizado por las instituciones del COREDUR. Los asistentes disfrutaron de actos culturales y stands que mostraron la riqueza y diversidad de la cultura guatemalteca. \u00a1Viva Guatemala! &nbsp;<\/p>\n","protected":false},"author":1,"featured_media":19901,"comment_status":"closed","ping_status":"open","sticky":false,"template":"","format":"standard","meta":[],"categories":[183],"tags":[178],"_links":{"self":[{"href":"https:\/\/gobernacionaltaverapaz.gob.gt\/index.php?rest_route=\/wp\/v2\/posts\/19912"}],"collection":[{"href":"https:\/\/gobernacionaltaverapaz.gob.gt\/index.php?rest_route=\/wp\/v2\/posts"}],"about":[{"href":"https:\/\/gobernacionaltaverapaz.gob.gt\/index.php?rest_route=\/wp\/v2\/types\/post"}],"author":[{"embeddable":true,"href":"https:\/\/gobernacionaltaverapaz.gob.gt\/index.php?rest_route=\/wp\/v2\/users\/1"}],"replies":[{"embeddable":true,"href":"https:\/\/gobernacionaltaverapaz.gob.gt\/index.php?rest_route=%2Fwp%2Fv2%2Fcomments&post=19912"}],"version-history":[{"count":1,"href":"https:\/\/gobernacionaltaverapaz.gob.gt\/index.php?rest_route=\/wp\/v2\/posts\/19912\/revisions"}],"predecessor-version":[{"id":19913,"href":"https:\/\/gobernacionaltaverapaz.gob.gt\/index.php?rest_route=\/wp\/v2\/posts\/19912\/revisions\/19913"}],"wp:featuredmedia":[{"embeddable":true,"href":"https:\/\/gobernacionaltaverapaz.gob.gt\/index.php?rest_route=\/wp\/v2\/media\/19901"}],"wp:attachment":[{"href":"https:\/\/gobernacionaltaverapaz.gob.gt\/index.php?rest_route=%2Fwp%2Fv2%2Fmedia&parent=19912"}],"wp:term":[{"taxonomy":"category","embeddable":true,"href":"https:\/\/gobernacionaltaverapaz.gob.gt\/index.php?rest_route=%2Fwp%2Fv2%2Fcategories&post=19912"},{"taxonomy":"post_tag","embeddable":true,"href":"https:\/\/gobernacionaltaverapaz.gob.gt\/index.php?rest_route=%2Fwp%2Fv2%2Ftags&post=19912"}],"curies":[{"name":"wp","href":"https:\/\/api.w.org\/{rel}","templated":true}]}}