{"id":19927,"date":"2024-09-13T11:49:44","date_gmt":"2024-09-13T17:49:44","guid":{"rendered":"https:\/\/gobernacionaltaverapaz.gob.gt\/?p=19927"},"modified":"2024-09-24T09:04:57","modified_gmt":"2024-09-24T15:04:57","slug":"19927","status":"publish","type":"post","link":"https:\/\/gobernacionaltaverapaz.gob.gt\/?p=19927","title":{"rendered":"Ceremonia especial en el Parque Central de La Paz con la inauguraci\u00f3n y encendido de antorchas"},"content":{"rendered":"<div class=\"xdj266r x11i5rnm xat24cr x1mh8g0r x1vvkbs x126k92a\">\n<div dir=\"auto\" style=\"text-align: justify;\">Hoy se llev\u00f3 a cabo una ceremonia especial en el Parque Central de La Paz con la inauguraci\u00f3n y encendido de antorchas.<\/div>\n<\/div>\n<div class=\"x11i5rnm xat24cr x1mh8g0r x1vvkbs xtlvy1s x126k92a\">\n<div dir=\"auto\" style=\"text-align: justify;\">Este evento cont\u00f3 con la participaci\u00f3n del Instituto V. Hall del Norte y la Escuela Oficial Rural Mixta Cooperativa Chicoj. Adem\u00e1s, la Escuela de Educaci\u00f3n Especial y el Centro de Rehabilitaci\u00f3n Integral realizaron ventas para recaudar fondos.<\/div>\n<div dir=\"auto\"><\/div>\n<\/div>\n<div class=\"x11i5rnm xat24cr x1mh8g0r x1vvkbs xtlvy1s x126k92a\">\n<div dir=\"auto\">\u00a1Agradecemos a todos los que se unieron y contribuyeron al \u00e9xito del evento!<\/div>\n<\/div>\n<p>&nbsp;<\/p>\n<p>&nbsp;<\/p>\n<div><\/div>\n<p>&nbsp;<\/p>\n<p>&nbsp;<\/p>\n<p><a href=\"https:\/\/www.facebook.com\/photo\/?fbid=945718154263063&amp;set=pcb.945718964262982\"><img decoding=\"async\" loading=\"lazy\" class=\"alignnone wp-image-19842 size-full\" title=\"Ver galer\u00eda en Facebook\" src=\"https:\/\/gobernacionaltaverapaz.gob.gt\/wp-content\/uploads\/2024\/09\/galeria.jpg\" alt=\"\" width=\"215\" height=\"71\" \/><\/a><\/p>\n","protected":false},"excerpt":{"rendered":"<p>Hoy se llev\u00f3 a cabo una ceremonia especial en el Parque Central de La Paz con la inauguraci\u00f3n y encendido de antorchas. Este evento cont\u00f3 con la participaci\u00f3n del Instituto V. Hall del Norte y la Escuela Oficial Rural Mixta Cooperativa Chicoj. Adem\u00e1s, la Escuela de Educaci\u00f3n Especial y el Centro de Rehabilitaci\u00f3n Integral realizaron [&hellip;]<\/p>\n","protected":false},"author":1,"featured_media":19940,"comment_status":"closed","ping_status":"open","sticky":false,"template":"","format":"standard","meta":[],"categories":[183],"tags":[178],"_links":{"self":[{"href":"https:\/\/gobernacionaltaverapaz.gob.gt\/index.php?rest_route=\/wp\/v2\/posts\/19927"}],"collection":[{"href":"https:\/\/gobernacionaltaverapaz.gob.gt\/index.php?rest_route=\/wp\/v2\/posts"}],"about":[{"href":"https:\/\/gobernacionaltaverapaz.gob.gt\/index.php?rest_route=\/wp\/v2\/types\/post"}],"author":[{"embeddable":true,"href":"https:\/\/gobernacionaltaverapaz.gob.gt\/index.php?rest_route=\/wp\/v2\/users\/1"}],"replies":[{"embeddable":true,"href":"https:\/\/gobernacionaltaverapaz.gob.gt\/index.php?rest_route=%2Fwp%2Fv2%2Fcomments&post=19927"}],"version-history":[{"count":4,"href":"https:\/\/gobernacionaltaverapaz.gob.gt\/index.php?rest_route=\/wp\/v2\/posts\/19927\/revisions"}],"predecessor-version":[{"id":19941,"href":"https:\/\/gobernacionaltaverapaz.gob.gt\/index.php?rest_route=\/wp\/v2\/posts\/19927\/revisions\/19941"}],"wp:featuredmedia":[{"embeddable":true,"href":"https:\/\/gobernacionaltaverapaz.gob.gt\/index.php?rest_route=\/wp\/v2\/media\/19940"}],"wp:attachment":[{"href":"https:\/\/gobernacionaltaverapaz.gob.gt\/index.php?rest_route=%2Fwp%2Fv2%2Fmedia&parent=19927"}],"wp:term":[{"taxonomy":"category","embeddable":true,"href":"https:\/\/gobernacionaltaverapaz.gob.gt\/index.php?rest_route=%2Fwp%2Fv2%2Fcategories&post=19927"},{"taxonomy":"post_tag","embeddable":true,"href":"https:\/\/gobernacionaltaverapaz.gob.gt\/index.php?rest_route=%2Fwp%2Fv2%2Ftags&post=19927"}],"curies":[{"name":"wp","href":"https:\/\/api.w.org\/{rel}","templated":true}]}}