{"id":19947,"date":"2024-09-13T12:30:04","date_gmt":"2024-09-13T18:30:04","guid":{"rendered":"https:\/\/gobernacionaltaverapaz.gob.gt\/?p=19947"},"modified":"2024-09-24T09:12:10","modified_gmt":"2024-09-24T15:12:10","slug":"reunion-del-consejo-regional-de-desarrollo-urbano-y-rural-de-la-region-norte","status":"publish","type":"post","link":"https:\/\/gobernacionaltaverapaz.gob.gt\/?p=19947","title":{"rendered":"Reuni\u00f3n del Consejo Regional de Desarrollo Urbano y Rural de la Regi\u00f3n Norte"},"content":{"rendered":"<div class=\"html-div xdj266r x11i5rnm xat24cr x1mh8g0r xexx8yu x4uap5 x18d9i69 xkhd6sd\" dir=\"auto\">\n<div id=\":rl6:\" class=\"x1l90r2v x1pi30zi x1swvt13 x1iorvi4\" data-ad-comet-preview=\"message\" data-ad-preview=\"message\">\n<div class=\"x78zum5 xdt5ytf xz62fqu x16ldp7u\">\n<div class=\"xu06os2 x1ok221b\">\n<div class=\"xdj266r x11i5rnm xat24cr x1mh8g0r x1vvkbs x126k92a\">\n<div dir=\"auto\" style=\"text-align: justify;\">En el Municipio de Tamah\u00fa Alta Verapaz se llev\u00f3 a cabo la reuni\u00f3n del Consejo Regional de Desarrollo Urbano y Rural de la Regi\u00f3n Norte<\/div>\n<\/div>\n<div class=\"x11i5rnm xat24cr x1mh8g0r x1vvkbs xtlvy1s x126k92a\" style=\"text-align: justify;\">\n<div dir=\"auto\">Se discutieron temas clave como la aprobaci\u00f3n de la agenda, los compromisos y avances de proyectos f\u00edsicos y financieros.<\/div>\n<\/div>\n<div class=\"x11i5rnm xat24cr x1mh8g0r x1vvkbs xtlvy1s x126k92a\">\n<div dir=\"auto\" style=\"text-align: justify;\">Tambi\u00e9n se inform\u00f3 sobre la participaci\u00f3n en comisiones del CONADUR y se acordaron compromisos para pr\u00f3ximas gestiones.<\/div>\n<\/div>\n<\/div>\n<\/div>\n<\/div>\n<\/div>\n<p>&nbsp;<\/p>\n<div><\/div>\n","protected":false},"excerpt":{"rendered":"<p>En el Municipio de Tamah\u00fa Alta Verapaz se llev\u00f3 a cabo la reuni\u00f3n del Consejo Regional de Desarrollo Urbano y Rural de la Regi\u00f3n Norte Se discutieron temas clave como la aprobaci\u00f3n de la agenda, los compromisos y avances de proyectos f\u00edsicos y financieros. Tambi\u00e9n se inform\u00f3 sobre la participaci\u00f3n en comisiones del CONADUR y [&hellip;]<\/p>\n","protected":false},"author":1,"featured_media":19948,"comment_status":"closed","ping_status":"open","sticky":false,"template":"","format":"standard","meta":[],"categories":[194],"tags":[178],"_links":{"self":[{"href":"https:\/\/gobernacionaltaverapaz.gob.gt\/index.php?rest_route=\/wp\/v2\/posts\/19947"}],"collection":[{"href":"https:\/\/gobernacionaltaverapaz.gob.gt\/index.php?rest_route=\/wp\/v2\/posts"}],"about":[{"href":"https:\/\/gobernacionaltaverapaz.gob.gt\/index.php?rest_route=\/wp\/v2\/types\/post"}],"author":[{"embeddable":true,"href":"https:\/\/gobernacionaltaverapaz.gob.gt\/index.php?rest_route=\/wp\/v2\/users\/1"}],"replies":[{"embeddable":true,"href":"https:\/\/gobernacionaltaverapaz.gob.gt\/index.php?rest_route=%2Fwp%2Fv2%2Fcomments&post=19947"}],"version-history":[{"count":1,"href":"https:\/\/gobernacionaltaverapaz.gob.gt\/index.php?rest_route=\/wp\/v2\/posts\/19947\/revisions"}],"predecessor-version":[{"id":19949,"href":"https:\/\/gobernacionaltaverapaz.gob.gt\/index.php?rest_route=\/wp\/v2\/posts\/19947\/revisions\/19949"}],"wp:featuredmedia":[{"embeddable":true,"href":"https:\/\/gobernacionaltaverapaz.gob.gt\/index.php?rest_route=\/wp\/v2\/media\/19948"}],"wp:attachment":[{"href":"https:\/\/gobernacionaltaverapaz.gob.gt\/index.php?rest_route=%2Fwp%2Fv2%2Fmedia&parent=19947"}],"wp:term":[{"taxonomy":"category","embeddable":true,"href":"https:\/\/gobernacionaltaverapaz.gob.gt\/index.php?rest_route=%2Fwp%2Fv2%2Fcategories&post=19947"},{"taxonomy":"post_tag","embeddable":true,"href":"https:\/\/gobernacionaltaverapaz.gob.gt\/index.php?rest_route=%2Fwp%2Fv2%2Ftags&post=19947"}],"curies":[{"name":"wp","href":"https:\/\/api.w.org\/{rel}","templated":true}]}}