{"id":19962,"date":"2024-09-15T07:15:19","date_gmt":"2024-09-15T13:15:19","guid":{"rendered":"https:\/\/gobernacionaltaverapaz.gob.gt\/?p=19962"},"modified":"2024-09-24T09:26:54","modified_gmt":"2024-09-24T15:26:54","slug":"izada-de-la-bandera-nacional-en-la-plazuela-parque-central-la-paz","status":"publish","type":"post","link":"https:\/\/gobernacionaltaverapaz.gob.gt\/?p=19962","title":{"rendered":"Izada de la Bandera Nacional en la Plazuela Parque Central La Paz"},"content":{"rendered":"<div class=\"x11i5rnm xat24cr x1mh8g0r x1vvkbs xtlvy1s x126k92a\">\n<div dir=\"auto\" style=\"text-align: justify;\">El pasado 14 de septiembre de 2024, en la Plazuela Parque Central La Paz, se llev\u00f3 a cabo el acto c\u00edvico de izada de la bandera nacional de Guatemala. Este evento, que conmemora el fervor patrio y la unidad nacional, reuni\u00f3 a diversas autoridades locales y ciudadanos, en un ambiente de respeto y orgullo por la patria.<\/div>\n<\/div>\n<div class=\"x11i5rnm xat24cr x1mh8g0r x1vvkbs xtlvy1s x126k92a\">\n<div dir=\"auto\" style=\"text-align: justify;\">La ceremonia forma parte de las actividades que se celebran en el mes de la independencia, destacando la importancia de honrar los s\u00edmbolos patrios y la historia del pa\u00eds. La bandera, s\u00edmbolo de soberan\u00eda, fue izada en medio de aplausos, marcando un momento de gran significado para todos los presentes.<\/div>\n<\/div>\n<div dir=\"auto\"><\/div>\n<div dir=\"auto\"><\/div>\n<div><\/div>\n<p>&nbsp;<\/p>\n<div><\/div>\n<div><a href=\"https:\/\/www.facebook.com\/photo\/?fbid=946975877470624&amp;set=pcb.946984560803089\"><img decoding=\"async\" loading=\"lazy\" class=\"alignnone wp-image-19963 size-full\" title=\"Ver galer\u00eda en Facebook\" src=\"https:\/\/gobernacionaltaverapaz.gob.gt\/wp-content\/uploads\/2024\/09\/galeria-1.jpg\" alt=\"\" width=\"215\" height=\"71\" \/><\/a><\/div>\n","protected":false},"excerpt":{"rendered":"<p>El pasado 14 de septiembre de 2024, en la Plazuela Parque Central La Paz, se llev\u00f3 a cabo el acto c\u00edvico de izada de la bandera nacional de Guatemala. Este evento, que conmemora el fervor patrio y la unidad nacional, reuni\u00f3 a diversas autoridades locales y ciudadanos, en un ambiente de respeto y orgullo por [&hellip;]<\/p>\n","protected":false},"author":1,"featured_media":19964,"comment_status":"closed","ping_status":"open","sticky":false,"template":"","format":"standard","meta":[],"categories":[183],"tags":[178],"_links":{"self":[{"href":"https:\/\/gobernacionaltaverapaz.gob.gt\/index.php?rest_route=\/wp\/v2\/posts\/19962"}],"collection":[{"href":"https:\/\/gobernacionaltaverapaz.gob.gt\/index.php?rest_route=\/wp\/v2\/posts"}],"about":[{"href":"https:\/\/gobernacionaltaverapaz.gob.gt\/index.php?rest_route=\/wp\/v2\/types\/post"}],"author":[{"embeddable":true,"href":"https:\/\/gobernacionaltaverapaz.gob.gt\/index.php?rest_route=\/wp\/v2\/users\/1"}],"replies":[{"embeddable":true,"href":"https:\/\/gobernacionaltaverapaz.gob.gt\/index.php?rest_route=%2Fwp%2Fv2%2Fcomments&post=19962"}],"version-history":[{"count":1,"href":"https:\/\/gobernacionaltaverapaz.gob.gt\/index.php?rest_route=\/wp\/v2\/posts\/19962\/revisions"}],"predecessor-version":[{"id":19965,"href":"https:\/\/gobernacionaltaverapaz.gob.gt\/index.php?rest_route=\/wp\/v2\/posts\/19962\/revisions\/19965"}],"wp:featuredmedia":[{"embeddable":true,"href":"https:\/\/gobernacionaltaverapaz.gob.gt\/index.php?rest_route=\/wp\/v2\/media\/19964"}],"wp:attachment":[{"href":"https:\/\/gobernacionaltaverapaz.gob.gt\/index.php?rest_route=%2Fwp%2Fv2%2Fmedia&parent=19962"}],"wp:term":[{"taxonomy":"category","embeddable":true,"href":"https:\/\/gobernacionaltaverapaz.gob.gt\/index.php?rest_route=%2Fwp%2Fv2%2Fcategories&post=19962"},{"taxonomy":"post_tag","embeddable":true,"href":"https:\/\/gobernacionaltaverapaz.gob.gt\/index.php?rest_route=%2Fwp%2Fv2%2Ftags&post=19962"}],"curies":[{"name":"wp","href":"https:\/\/api.w.org\/{rel}","templated":true}]}}