{"id":19986,"date":"2024-09-15T21:04:53","date_gmt":"2024-09-16T03:04:53","guid":{"rendered":"https:\/\/gobernacionaltaverapaz.gob.gt\/?p=19986"},"modified":"2024-09-24T09:51:48","modified_gmt":"2024-09-24T15:51:48","slug":"acto-de-inauguracion-y-colocacion-de-la-primera-piedra-en-el-municipio-de-tamahu","status":"publish","type":"post","link":"https:\/\/gobernacionaltaverapaz.gob.gt\/?p=19986","title":{"rendered":"Acto de inauguraci\u00f3n y colocaci\u00f3n de la primera piedra en el municipio de Tamah\u00fa"},"content":{"rendered":"<div class=\"html-div xdj266r x11i5rnm xat24cr x1mh8g0r xexx8yu x4uap5 x18d9i69 xkhd6sd\" dir=\"auto\">\n<div id=\":rfa:\" class=\"x1l90r2v x1pi30zi x1swvt13 x1iorvi4\" data-ad-comet-preview=\"message\" data-ad-preview=\"message\">\n<div class=\"x78zum5 xdt5ytf xz62fqu x16ldp7u\">\n<div class=\"xu06os2 x1ok221b\">\n<div class=\"xdj266r x11i5rnm xat24cr x1mh8g0r x1vvkbs x126k92a\">\n<div dir=\"auto\" style=\"text-align: justify;\">El d\u00eda de hoy se llev\u00f3 a cabo el acto de inauguraci\u00f3n y colocaci\u00f3n de la primera piedra en el municipio de Tamah\u00fa, marcando el inicio de un proyecto que promete traer importantes beneficios a la comunidad.<\/div>\n<\/div>\n<div class=\"x11i5rnm xat24cr x1mh8g0r x1vvkbs xtlvy1s x126k92a\" style=\"text-align: justify;\">\n<div dir=\"auto\">Convenio 60-2024<\/div>\n<div dir=\"auto\">Proyecto: 301633 &#8211; MEJORAMIENTO SISTEMA DE ALCANTARILLADO SANITARIO AREA URBANA TAMAHU ALTA VERAPAZ<\/div>\n<\/div>\n<div class=\"x11i5rnm xat24cr x1mh8g0r x1vvkbs xtlvy1s x126k92a\" style=\"text-align: justify;\">\n<div dir=\"auto\"><span class=\"html-span xdj266r x11i5rnm xat24cr x1mh8g0r xexx8yu x4uap5 x18d9i69 xkhd6sd x1hl2dhg x16tdsg8 x1vvkbs\"><a class=\"x1i10hfl xjbqb8w x1ejq31n xd10rxx x1sy0etr x17r0tee x972fbf xcfux6l x1qhh985 xm0m39n x9f619 x1ypdohk xt0psk2 xe8uvvx xdj266r x11i5rnm xat24cr x1mh8g0r xexx8yu x4uap5 x18d9i69 xkhd6sd x16tdsg8 x1hl2dhg xggy1nq x1a2a7pz x1sur9pj xkrqix3 x1fey0fg x1s688f\" tabindex=\"0\" role=\"link\" href=\"https:\/\/gobernacionaltaverapaz.gob.gt\/links\/con060-24.html?fbclid=IwZXh0bgNhZW0CMTAAAR2-CJMCC9G_9xQfTB6pDf4LkuWt_dg3L_rYfODhn-35EznnaX92SRjkJHE_aem_IzbRXwq8etkFCiBzNoZHzA\" target=\"_blank\" rel=\"nofollow noopener noreferrer\">https:\/\/gobernacionaltaverapaz.gob.gt\/links\/con060-24.html<\/a><\/span><\/div>\n<\/div>\n<div class=\"x11i5rnm xat24cr x1mh8g0r x1vvkbs xtlvy1s x126k92a\" style=\"text-align: justify;\">\n<div dir=\"auto\">Con la presencia de autoridades locales y departamentales, as\u00ed como l\u00edderes comunitarios, este evento simboliza un paso adelante en el desarrollo de la infraestructura del municipio, buscando mejorar la calidad de vida de sus habitantes.<\/div>\n<\/div>\n<div class=\"x11i5rnm xat24cr x1mh8g0r x1vvkbs xtlvy1s x126k92a\">\n<div dir=\"auto\" style=\"text-align: justify;\">Este proyecto no solo es una muestra del trabajo conjunto entre instituciones y comunidad, sino tambi\u00e9n un compromiso con el progreso y bienestar del municipio de Tamah\u00fa.<\/div>\n<\/div>\n<\/div>\n<\/div>\n<\/div>\n<\/div>\n<p>&nbsp;<\/p>\n<p>&nbsp;<\/p>\n<div><\/div>\n<div><\/div>\n<div><\/div>\n<div><\/div>\n<div><a href=\"https:\/\/www.facebook.com\/photo\/?fbid=947448897423322&amp;set=pcb.947464197421792\"><img decoding=\"async\" loading=\"lazy\" class=\"alignnone wp-image-19963 size-full\" title=\"Ver galer\u00eda en Facebook\" src=\"https:\/\/gobernacionaltaverapaz.gob.gt\/wp-content\/uploads\/2024\/09\/galeria-1.jpg\" alt=\"\" width=\"215\" height=\"71\" \/><\/a><\/div>\n","protected":false},"excerpt":{"rendered":"<p>El d\u00eda de hoy se llev\u00f3 a cabo el acto de inauguraci\u00f3n y colocaci\u00f3n de la primera piedra en el municipio de Tamah\u00fa, marcando el inicio de un proyecto que promete traer importantes beneficios a la comunidad. Convenio 60-2024 Proyecto: 301633 &#8211; MEJORAMIENTO SISTEMA DE ALCANTARILLADO SANITARIO AREA URBANA TAMAHU ALTA VERAPAZ https:\/\/gobernacionaltaverapaz.gob.gt\/links\/con060-24.html Con la [&hellip;]<\/p>\n","protected":false},"author":1,"featured_media":19987,"comment_status":"closed","ping_status":"open","sticky":false,"template":"","format":"standard","meta":[],"categories":[183],"tags":[178],"_links":{"self":[{"href":"https:\/\/gobernacionaltaverapaz.gob.gt\/index.php?rest_route=\/wp\/v2\/posts\/19986"}],"collection":[{"href":"https:\/\/gobernacionaltaverapaz.gob.gt\/index.php?rest_route=\/wp\/v2\/posts"}],"about":[{"href":"https:\/\/gobernacionaltaverapaz.gob.gt\/index.php?rest_route=\/wp\/v2\/types\/post"}],"author":[{"embeddable":true,"href":"https:\/\/gobernacionaltaverapaz.gob.gt\/index.php?rest_route=\/wp\/v2\/users\/1"}],"replies":[{"embeddable":true,"href":"https:\/\/gobernacionaltaverapaz.gob.gt\/index.php?rest_route=%2Fwp%2Fv2%2Fcomments&post=19986"}],"version-history":[{"count":1,"href":"https:\/\/gobernacionaltaverapaz.gob.gt\/index.php?rest_route=\/wp\/v2\/posts\/19986\/revisions"}],"predecessor-version":[{"id":19988,"href":"https:\/\/gobernacionaltaverapaz.gob.gt\/index.php?rest_route=\/wp\/v2\/posts\/19986\/revisions\/19988"}],"wp:featuredmedia":[{"embeddable":true,"href":"https:\/\/gobernacionaltaverapaz.gob.gt\/index.php?rest_route=\/wp\/v2\/media\/19987"}],"wp:attachment":[{"href":"https:\/\/gobernacionaltaverapaz.gob.gt\/index.php?rest_route=%2Fwp%2Fv2%2Fmedia&parent=19986"}],"wp:term":[{"taxonomy":"category","embeddable":true,"href":"https:\/\/gobernacionaltaverapaz.gob.gt\/index.php?rest_route=%2Fwp%2Fv2%2Fcategories&post=19986"},{"taxonomy":"post_tag","embeddable":true,"href":"https:\/\/gobernacionaltaverapaz.gob.gt\/index.php?rest_route=%2Fwp%2Fv2%2Ftags&post=19986"}],"curies":[{"name":"wp","href":"https:\/\/api.w.org\/{rel}","templated":true}]}}