{"id":19994,"date":"2024-09-17T08:24:23","date_gmt":"2024-09-17T14:24:23","guid":{"rendered":"https:\/\/gobernacionaltaverapaz.gob.gt\/?p=19994"},"modified":"2024-09-24T10:07:46","modified_gmt":"2024-09-24T16:07:46","slug":"reunion-muy-productiva-con-los-nuevos-integrantes-de-la-institucion-del-ministerio-de-agricultura-ganaderia-y-alimentacion-maga","status":"publish","type":"post","link":"https:\/\/gobernacionaltaverapaz.gob.gt\/?p=19994","title":{"rendered":"Reuni\u00f3n muy productiva con los nuevos integrantes de la instituci\u00f3n del AMAGA-"},"content":{"rendered":"<div class=\"xdj266r x11i5rnm xat24cr x1mh8g0r x1vvkbs x126k92a\">\n<div dir=\"auto\" style=\"text-align: justify;\">Hoy tuvimos una reuni\u00f3n muy productiva con los nuevos integrantes de la instituci\u00f3n del Ministerio de Agricultura, Ganader\u00eda y Alimentaci\u00f3n -MAGA-<\/div>\n<\/div>\n<div class=\"x11i5rnm xat24cr x1mh8g0r x1vvkbs xtlvy1s x126k92a\" style=\"text-align: justify;\">\n<div dir=\"auto\">Hablamos sobre los objetivos y responsabilidades que cada \u00e1rea deber\u00e1 asumir para trabajar por el bien del departamento de Alta Verapaz.<\/div>\n<\/div>\n<div class=\"x11i5rnm xat24cr x1mh8g0r x1vvkbs xtlvy1s x126k92a\">\n<div dir=\"auto\" style=\"text-align: justify;\">Con un equipo comprometido y preparado, estamos listos para visitar las comunidades y asegurar que Alta Verapaz tenga la mejor cobertura y apoyo posible.<\/div>\n<\/div>\n<p>&nbsp;<\/p>\n<p>&nbsp;<\/p>\n<div><\/div>\n","protected":false},"excerpt":{"rendered":"<p>Hoy tuvimos una reuni\u00f3n muy productiva con los nuevos integrantes de la instituci\u00f3n del Ministerio de Agricultura, Ganader\u00eda y Alimentaci\u00f3n -MAGA- Hablamos sobre los objetivos y responsabilidades que cada \u00e1rea deber\u00e1 asumir para trabajar por el bien del departamento de Alta Verapaz. Con un equipo comprometido y preparado, estamos listos para visitar las comunidades y [&hellip;]<\/p>\n","protected":false},"author":1,"featured_media":19995,"comment_status":"closed","ping_status":"open","sticky":false,"template":"","format":"standard","meta":[],"categories":[194],"tags":[178],"_links":{"self":[{"href":"https:\/\/gobernacionaltaverapaz.gob.gt\/index.php?rest_route=\/wp\/v2\/posts\/19994"}],"collection":[{"href":"https:\/\/gobernacionaltaverapaz.gob.gt\/index.php?rest_route=\/wp\/v2\/posts"}],"about":[{"href":"https:\/\/gobernacionaltaverapaz.gob.gt\/index.php?rest_route=\/wp\/v2\/types\/post"}],"author":[{"embeddable":true,"href":"https:\/\/gobernacionaltaverapaz.gob.gt\/index.php?rest_route=\/wp\/v2\/users\/1"}],"replies":[{"embeddable":true,"href":"https:\/\/gobernacionaltaverapaz.gob.gt\/index.php?rest_route=%2Fwp%2Fv2%2Fcomments&post=19994"}],"version-history":[{"count":4,"href":"https:\/\/gobernacionaltaverapaz.gob.gt\/index.php?rest_route=\/wp\/v2\/posts\/19994\/revisions"}],"predecessor-version":[{"id":19999,"href":"https:\/\/gobernacionaltaverapaz.gob.gt\/index.php?rest_route=\/wp\/v2\/posts\/19994\/revisions\/19999"}],"wp:featuredmedia":[{"embeddable":true,"href":"https:\/\/gobernacionaltaverapaz.gob.gt\/index.php?rest_route=\/wp\/v2\/media\/19995"}],"wp:attachment":[{"href":"https:\/\/gobernacionaltaverapaz.gob.gt\/index.php?rest_route=%2Fwp%2Fv2%2Fmedia&parent=19994"}],"wp:term":[{"taxonomy":"category","embeddable":true,"href":"https:\/\/gobernacionaltaverapaz.gob.gt\/index.php?rest_route=%2Fwp%2Fv2%2Fcategories&post=19994"},{"taxonomy":"post_tag","embeddable":true,"href":"https:\/\/gobernacionaltaverapaz.gob.gt\/index.php?rest_route=%2Fwp%2Fv2%2Ftags&post=19994"}],"curies":[{"name":"wp","href":"https:\/\/api.w.org\/{rel}","templated":true}]}}