{"id":20011,"date":"2024-09-17T13:40:34","date_gmt":"2024-09-17T19:40:34","guid":{"rendered":"https:\/\/gobernacionaltaverapaz.gob.gt\/?p=20011"},"modified":"2024-09-24T10:32:11","modified_gmt":"2024-09-24T16:32:11","slug":"entrega-de-uno-de-los-35-modulares-prefabricados-para-continuidad-en-los-servicios-de-educacion-y-salud","status":"publish","type":"post","link":"https:\/\/gobernacionaltaverapaz.gob.gt\/?p=20011","title":{"rendered":"Entrega de uno de los 35 Modulares prefabricados para continuidad en los servicios de educaci\u00f3n y salud"},"content":{"rendered":"<div class=\"xdj266r x11i5rnm xat24cr x1mh8g0r x1vvkbs x126k92a\">\n<div dir=\"auto\" style=\"text-align: justify;\">El Presidente de la Rep\u00fablica C\u00e9sar Bernardo Ar\u00e9valo, junto al ministro de Comunicaciones Felix Alvarado, la gobernadora de Alta Verapaz Dilia Margariata C\u00f3 Coy el alcalde del municipio de San Pedro Carch\u00e1 Erwin Alfonso Cat\u00fan Maqu\u00edn hicieron entrega de uno de los 35 Modulares prefabricados para continuidad en los servicios de educaci\u00f3n y salud en los establecimientos afectados por condiciones clim\u00e1ticas.<\/div>\n<\/div>\n<div class=\"x11i5rnm xat24cr x1mh8g0r x1vvkbs xtlvy1s x126k92a\" style=\"text-align: justify;\">\n<div dir=\"auto\">La Escuela de Chiyux, fue afectada por las lluvias y el beneficio general para el pa\u00eds a trav\u00e9s de la implementaci\u00f3n de estos m\u00f3dulos es que los servicios de salud y educaci\u00f3n no se ver\u00e1n interrumpidos cuando se presentan da\u00f1os en infraestructura a causa de las lluvias y otras condiciones clim\u00e1ticas.<\/div>\n<\/div>\n<div class=\"x11i5rnm xat24cr x1mh8g0r x1vvkbs xtlvy1s x126k92a\" style=\"text-align: justify;\">\n<div dir=\"auto\">Los m\u00f3dulos permiten avanzar en paralelo con atenci\u00f3n a los remozamientos y necesidades integrales de los centros de<\/div>\n<div dir=\"auto\">salud y educaci\u00f3n. Una vez finalizados los mismos se podr\u00e1n movilizar los modulares a otras \u00e1reas con necesidad.<\/div>\n<\/div>\n<div class=\"x11i5rnm xat24cr x1mh8g0r x1vvkbs xtlvy1s x126k92a\">\n<div dir=\"auto\" style=\"text-align: justify;\">De esta forma el Gobierno de Guatemala reafirma su compromiso de garantizar educaci\u00f3n y protecci\u00f3n en todo el pa\u00eds.<\/div>\n<\/div>\n<p>&nbsp;<\/p>\n<p>&nbsp;<\/p>\n<div><\/div>\n","protected":false},"excerpt":{"rendered":"<p>El Presidente de la Rep\u00fablica C\u00e9sar Bernardo Ar\u00e9valo, junto al ministro de Comunicaciones Felix Alvarado, la gobernadora de Alta Verapaz Dilia Margariata C\u00f3 Coy el alcalde del municipio de San Pedro Carch\u00e1 Erwin Alfonso Cat\u00fan Maqu\u00edn hicieron entrega de uno de los 35 Modulares prefabricados para continuidad en los servicios de educaci\u00f3n y salud en [&hellip;]<\/p>\n","protected":false},"author":1,"featured_media":20000,"comment_status":"closed","ping_status":"open","sticky":false,"template":"","format":"standard","meta":[],"categories":[182],"tags":[178],"_links":{"self":[{"href":"https:\/\/gobernacionaltaverapaz.gob.gt\/index.php?rest_route=\/wp\/v2\/posts\/20011"}],"collection":[{"href":"https:\/\/gobernacionaltaverapaz.gob.gt\/index.php?rest_route=\/wp\/v2\/posts"}],"about":[{"href":"https:\/\/gobernacionaltaverapaz.gob.gt\/index.php?rest_route=\/wp\/v2\/types\/post"}],"author":[{"embeddable":true,"href":"https:\/\/gobernacionaltaverapaz.gob.gt\/index.php?rest_route=\/wp\/v2\/users\/1"}],"replies":[{"embeddable":true,"href":"https:\/\/gobernacionaltaverapaz.gob.gt\/index.php?rest_route=%2Fwp%2Fv2%2Fcomments&post=20011"}],"version-history":[{"count":1,"href":"https:\/\/gobernacionaltaverapaz.gob.gt\/index.php?rest_route=\/wp\/v2\/posts\/20011\/revisions"}],"predecessor-version":[{"id":20012,"href":"https:\/\/gobernacionaltaverapaz.gob.gt\/index.php?rest_route=\/wp\/v2\/posts\/20011\/revisions\/20012"}],"wp:featuredmedia":[{"embeddable":true,"href":"https:\/\/gobernacionaltaverapaz.gob.gt\/index.php?rest_route=\/wp\/v2\/media\/20000"}],"wp:attachment":[{"href":"https:\/\/gobernacionaltaverapaz.gob.gt\/index.php?rest_route=%2Fwp%2Fv2%2Fmedia&parent=20011"}],"wp:term":[{"taxonomy":"category","embeddable":true,"href":"https:\/\/gobernacionaltaverapaz.gob.gt\/index.php?rest_route=%2Fwp%2Fv2%2Fcategories&post=20011"},{"taxonomy":"post_tag","embeddable":true,"href":"https:\/\/gobernacionaltaverapaz.gob.gt\/index.php?rest_route=%2Fwp%2Fv2%2Ftags&post=20011"}],"curies":[{"name":"wp","href":"https:\/\/api.w.org\/{rel}","templated":true}]}}