{"id":20022,"date":"2024-09-18T12:52:56","date_gmt":"2024-09-18T18:52:56","guid":{"rendered":"https:\/\/gobernacionaltaverapaz.gob.gt\/?p=20022"},"modified":"2024-09-24T10:50:44","modified_gmt":"2024-09-24T16:50:44","slug":"analizando-estudios-y-medidas-de-mitigacion-por-las-amenazas-naturales-en-la-zona","status":"publish","type":"post","link":"https:\/\/gobernacionaltaverapaz.gob.gt\/?p=20022","title":{"rendered":"Analizando estudios y medidas de mitigaci\u00f3n por las amenazas naturales en la zona"},"content":{"rendered":"<div class=\"xdj266r x11i5rnm xat24cr x1mh8g0r x1vvkbs x126k92a\">\n<div dir=\"auto\" style=\"text-align: justify;\">La Gobernadora de Alta Verapaz y el alcalde de San Crist\u00f3bal Verapaz, junto con instituciones clave y el COCODE de Aldea Quej\u00e1, contin\u00faan escuchando y analizando estudios y medidas de mitigaci\u00f3n por las amenazas naturales en la zona.<\/div>\n<\/div>\n<div class=\"x11i5rnm xat24cr x1mh8g0r x1vvkbs xtlvy1s x126k92a\">\n<div dir=\"auto\" style=\"text-align: justify;\">El llamado a la acci\u00f3n y la conciencia sobre la situaci\u00f3n persiste, destacando el compromiso de todos los actores en buscar soluciones efectivas y sostenibles para proteger a la comunidad.<\/div>\n<\/div>\n<p>&nbsp;<\/p>\n<p>&nbsp;<\/p>\n<div><\/div>\n","protected":false},"excerpt":{"rendered":"<p>La Gobernadora de Alta Verapaz y el alcalde de San Crist\u00f3bal Verapaz, junto con instituciones clave y el COCODE de Aldea Quej\u00e1, contin\u00faan escuchando y analizando estudios y medidas de mitigaci\u00f3n por las amenazas naturales en la zona. El llamado a la acci\u00f3n y la conciencia sobre la situaci\u00f3n persiste, destacando el compromiso de todos [&hellip;]<\/p>\n","protected":false},"author":1,"featured_media":20023,"comment_status":"closed","ping_status":"open","sticky":false,"template":"","format":"gallery","meta":[],"categories":[194],"tags":[178],"_links":{"self":[{"href":"https:\/\/gobernacionaltaverapaz.gob.gt\/index.php?rest_route=\/wp\/v2\/posts\/20022"}],"collection":[{"href":"https:\/\/gobernacionaltaverapaz.gob.gt\/index.php?rest_route=\/wp\/v2\/posts"}],"about":[{"href":"https:\/\/gobernacionaltaverapaz.gob.gt\/index.php?rest_route=\/wp\/v2\/types\/post"}],"author":[{"embeddable":true,"href":"https:\/\/gobernacionaltaverapaz.gob.gt\/index.php?rest_route=\/wp\/v2\/users\/1"}],"replies":[{"embeddable":true,"href":"https:\/\/gobernacionaltaverapaz.gob.gt\/index.php?rest_route=%2Fwp%2Fv2%2Fcomments&post=20022"}],"version-history":[{"count":1,"href":"https:\/\/gobernacionaltaverapaz.gob.gt\/index.php?rest_route=\/wp\/v2\/posts\/20022\/revisions"}],"predecessor-version":[{"id":20024,"href":"https:\/\/gobernacionaltaverapaz.gob.gt\/index.php?rest_route=\/wp\/v2\/posts\/20022\/revisions\/20024"}],"wp:featuredmedia":[{"embeddable":true,"href":"https:\/\/gobernacionaltaverapaz.gob.gt\/index.php?rest_route=\/wp\/v2\/media\/20023"}],"wp:attachment":[{"href":"https:\/\/gobernacionaltaverapaz.gob.gt\/index.php?rest_route=%2Fwp%2Fv2%2Fmedia&parent=20022"}],"wp:term":[{"taxonomy":"category","embeddable":true,"href":"https:\/\/gobernacionaltaverapaz.gob.gt\/index.php?rest_route=%2Fwp%2Fv2%2Fcategories&post=20022"},{"taxonomy":"post_tag","embeddable":true,"href":"https:\/\/gobernacionaltaverapaz.gob.gt\/index.php?rest_route=%2Fwp%2Fv2%2Ftags&post=20022"}],"curies":[{"name":"wp","href":"https:\/\/api.w.org\/{rel}","templated":true}]}}