{"id":20079,"date":"2024-09-23T11:39:41","date_gmt":"2024-09-23T17:39:41","guid":{"rendered":"https:\/\/gobernacionaltaverapaz.gob.gt\/?p=20079"},"modified":"2024-09-24T12:11:52","modified_gmt":"2024-09-24T18:11:52","slug":"conferencia-de-prensa-con-el-tema-de-informacion-de-la-convocatoria","status":"publish","type":"post","link":"https:\/\/gobernacionaltaverapaz.gob.gt\/?p=20079","title":{"rendered":"Conferencia de prensa con el Tema de Informaci\u00f3n de la Convocatoria"},"content":{"rendered":"<p style=\"text-align: justify;\"><span class=\"x193iq5w xeuugli x13faqbe x1vvkbs x1xmvt09 x1lliihq x1s928wv xhkezso x1gmr53x x1cpjm7i x1fgarty x1943h6x xudqn12 x3x7a5m x6prxxf xvq8zen xo1l8bm xzsf02u x1yc453h\" dir=\"auto\">Hoy 23 de Septiembre se llev\u00f3 a cabo una conferencia de prensa con el Tema de Informaci\u00f3n de la Convocatoria de Elecci\u00f3n de Representantes Titulares y Suplentes de las Instituciones o Sectores no Gubernamentales en el Nivel Departamental para Integrar el Consejo Departamental de Desarrollo de Alta Verapaz.<\/span><\/p>\n<p>&nbsp;<\/p>\n<div><\/div>\n","protected":false},"excerpt":{"rendered":"<p>Hoy 23 de Septiembre se llev\u00f3 a cabo una conferencia de prensa con el Tema de Informaci\u00f3n de la Convocatoria de Elecci\u00f3n de Representantes Titulares y Suplentes de las Instituciones o Sectores no Gubernamentales en el Nivel Departamental para Integrar el Consejo Departamental de Desarrollo de Alta Verapaz. &nbsp;<\/p>\n","protected":false},"author":1,"featured_media":20080,"comment_status":"closed","ping_status":"open","sticky":false,"template":"","format":"gallery","meta":[],"categories":[183,194],"tags":[178],"_links":{"self":[{"href":"https:\/\/gobernacionaltaverapaz.gob.gt\/index.php?rest_route=\/wp\/v2\/posts\/20079"}],"collection":[{"href":"https:\/\/gobernacionaltaverapaz.gob.gt\/index.php?rest_route=\/wp\/v2\/posts"}],"about":[{"href":"https:\/\/gobernacionaltaverapaz.gob.gt\/index.php?rest_route=\/wp\/v2\/types\/post"}],"author":[{"embeddable":true,"href":"https:\/\/gobernacionaltaverapaz.gob.gt\/index.php?rest_route=\/wp\/v2\/users\/1"}],"replies":[{"embeddable":true,"href":"https:\/\/gobernacionaltaverapaz.gob.gt\/index.php?rest_route=%2Fwp%2Fv2%2Fcomments&post=20079"}],"version-history":[{"count":1,"href":"https:\/\/gobernacionaltaverapaz.gob.gt\/index.php?rest_route=\/wp\/v2\/posts\/20079\/revisions"}],"predecessor-version":[{"id":20081,"href":"https:\/\/gobernacionaltaverapaz.gob.gt\/index.php?rest_route=\/wp\/v2\/posts\/20079\/revisions\/20081"}],"wp:featuredmedia":[{"embeddable":true,"href":"https:\/\/gobernacionaltaverapaz.gob.gt\/index.php?rest_route=\/wp\/v2\/media\/20080"}],"wp:attachment":[{"href":"https:\/\/gobernacionaltaverapaz.gob.gt\/index.php?rest_route=%2Fwp%2Fv2%2Fmedia&parent=20079"}],"wp:term":[{"taxonomy":"category","embeddable":true,"href":"https:\/\/gobernacionaltaverapaz.gob.gt\/index.php?rest_route=%2Fwp%2Fv2%2Fcategories&post=20079"},{"taxonomy":"post_tag","embeddable":true,"href":"https:\/\/gobernacionaltaverapaz.gob.gt\/index.php?rest_route=%2Fwp%2Fv2%2Ftags&post=20079"}],"curies":[{"name":"wp","href":"https:\/\/api.w.org\/{rel}","templated":true}]}}