{"id":20088,"date":"2024-09-23T14:30:11","date_gmt":"2024-09-23T20:30:11","guid":{"rendered":"https:\/\/gobernacionaltaverapaz.gob.gt\/?p=20088"},"modified":"2024-09-24T12:27:13","modified_gmt":"2024-09-24T18:27:13","slug":"reunion-de-comarn","status":"publish","type":"post","link":"https:\/\/gobernacionaltaverapaz.gob.gt\/?p=20088","title":{"rendered":"Reuni\u00f3n de &#8211; COMARN-"},"content":{"rendered":"<div class=\"html-div xdj266r x11i5rnm xat24cr x1mh8g0r xexx8yu x4uap5 x18d9i69 xkhd6sd\" dir=\"auto\">\n<div id=\":re:\" class=\"x1l90r2v x1pi30zi x1swvt13 x1iorvi4\" data-ad-comet-preview=\"message\" data-ad-preview=\"message\">\n<div class=\"x78zum5 xdt5ytf xz62fqu x16ldp7u\">\n<div class=\"xu06os2 x1ok221b\">\n<div class=\"xdj266r x11i5rnm xat24cr x1mh8g0r x1vvkbs x126k92a\">\n<div dir=\"auto\" style=\"text-align: justify;\">Hoy 23 de septiembre, en la reuni\u00f3n de Comisi\u00f3n Departamental de Ambiente y Recursos Naturales &#8211; COMARN- Se discuti\u00f3 el ordenamiento territorial, la contaminaci\u00f3n del r\u00edo Cahab\u00f3n y la caracterizaci\u00f3n de la microcuenca Chichoj en San Crist\u00f3bal Verapaz.<\/div>\n<\/div>\n<div class=\"x11i5rnm xat24cr x1mh8g0r x1vvkbs xtlvy1s x126k92a\" style=\"text-align: justify;\">\n<div dir=\"auto\">Tambi\u00e9n se revisaron los procedimientos de denuncias ambientales. Y se trataron temas de dos comisiones, incluyendo Desarrollo Urbano y Rural. Se acord\u00f3 con el Ministerio coordinar acciones m\u00e1s efectivas en la regi\u00f3n.<\/div>\n<\/div>\n<div class=\"x11i5rnm xat24cr x1mh8g0r x1vvkbs xtlvy1s x126k92a\">\n<div dir=\"auto\" style=\"text-align: justify;\">Se enfatiz\u00f3 la importancia y el seguimiento adecuado a las problem\u00e1ticas ambientales, garantizando la participaci\u00f3n activa de las comunidades locales y la inclusi\u00f3n de actores clave en los proyectos de mitigaci\u00f3n.<\/div>\n<\/div>\n<\/div>\n<\/div>\n<\/div>\n<\/div>\n<p>&nbsp;<\/p>\n<div><\/div>\n","protected":false},"excerpt":{"rendered":"<p>Hoy 23 de septiembre, en la reuni\u00f3n de Comisi\u00f3n Departamental de Ambiente y Recursos Naturales &#8211; COMARN- Se discuti\u00f3 el ordenamiento territorial, la contaminaci\u00f3n del r\u00edo Cahab\u00f3n y la caracterizaci\u00f3n de la microcuenca Chichoj en San Crist\u00f3bal Verapaz. Tambi\u00e9n se revisaron los procedimientos de denuncias ambientales. Y se trataron temas de dos comisiones, incluyendo Desarrollo [&hellip;]<\/p>\n","protected":false},"author":1,"featured_media":20082,"comment_status":"closed","ping_status":"open","sticky":false,"template":"","format":"gallery","meta":[],"categories":[194],"tags":[178],"_links":{"self":[{"href":"https:\/\/gobernacionaltaverapaz.gob.gt\/index.php?rest_route=\/wp\/v2\/posts\/20088"}],"collection":[{"href":"https:\/\/gobernacionaltaverapaz.gob.gt\/index.php?rest_route=\/wp\/v2\/posts"}],"about":[{"href":"https:\/\/gobernacionaltaverapaz.gob.gt\/index.php?rest_route=\/wp\/v2\/types\/post"}],"author":[{"embeddable":true,"href":"https:\/\/gobernacionaltaverapaz.gob.gt\/index.php?rest_route=\/wp\/v2\/users\/1"}],"replies":[{"embeddable":true,"href":"https:\/\/gobernacionaltaverapaz.gob.gt\/index.php?rest_route=%2Fwp%2Fv2%2Fcomments&post=20088"}],"version-history":[{"count":1,"href":"https:\/\/gobernacionaltaverapaz.gob.gt\/index.php?rest_route=\/wp\/v2\/posts\/20088\/revisions"}],"predecessor-version":[{"id":20089,"href":"https:\/\/gobernacionaltaverapaz.gob.gt\/index.php?rest_route=\/wp\/v2\/posts\/20088\/revisions\/20089"}],"wp:featuredmedia":[{"embeddable":true,"href":"https:\/\/gobernacionaltaverapaz.gob.gt\/index.php?rest_route=\/wp\/v2\/media\/20082"}],"wp:attachment":[{"href":"https:\/\/gobernacionaltaverapaz.gob.gt\/index.php?rest_route=%2Fwp%2Fv2%2Fmedia&parent=20088"}],"wp:term":[{"taxonomy":"category","embeddable":true,"href":"https:\/\/gobernacionaltaverapaz.gob.gt\/index.php?rest_route=%2Fwp%2Fv2%2Fcategories&post=20088"},{"taxonomy":"post_tag","embeddable":true,"href":"https:\/\/gobernacionaltaverapaz.gob.gt\/index.php?rest_route=%2Fwp%2Fv2%2Ftags&post=20088"}],"curies":[{"name":"wp","href":"https:\/\/api.w.org\/{rel}","templated":true}]}}