{"id":20091,"date":"2024-09-23T18:13:03","date_gmt":"2024-09-24T00:13:03","guid":{"rendered":"https:\/\/gobernacionaltaverapaz.gob.gt\/?p=20091"},"modified":"2024-10-02T10:21:39","modified_gmt":"2024-10-02T16:21:39","slug":"alta-verapaz-en-alerta-anaranjada-por-dengue-actua-ahora","status":"publish","type":"post","link":"https:\/\/gobernacionaltaverapaz.gob.gt\/?p=20091","title":{"rendered":"Alta Verapaz en alerta anaranjada por dengue: \u00a1Act\u00faa ahora!"},"content":{"rendered":"<div class=\"xdj266r x11i5rnm xat24cr x1mh8g0r x1vvkbs x126k92a\">\n<div dir=\"auto\" style=\"text-align: justify;\">Llevamos a cabo una conferencia de prensa en el Sal\u00f3n de las Am\u00e9ricas, en la que la CODRED de Alta Verapaz inform\u00f3 sobre la Alerta Anaranjada a nivel departamental debido al aumento de casos de dengue. Durante la reuni\u00f3n, se coordinaron acciones clave con diversas instituciones para enfrentar la situaci\u00f3n y proteger a la poblaci\u00f3n.<\/div>\n<\/div>\n<div class=\"x11i5rnm xat24cr x1mh8g0r x1vvkbs xtlvy1s x126k92a\">\n<div dir=\"auto\" style=\"text-align: justify;\">Hacemos un llamado a todos los vecinos a colaborar en la eliminaci\u00f3n de criaderos de mosquitos dentro y alrededor de sus hogares, ya que esta es la medida m\u00e1s efectiva para prevenir el dengue. Recuerda, la prevenci\u00f3n comienza en casa.<\/div>\n<div dir=\"auto\">\n<div><\/div>\n<\/div>\n<\/div>\n","protected":false},"excerpt":{"rendered":"<p>Llevamos a cabo una conferencia de prensa en el Sal\u00f3n de las Am\u00e9ricas, en la que la CODRED de Alta Verapaz inform\u00f3 sobre la Alerta Anaranjada a nivel departamental debido al aumento de casos de dengue. Durante la reuni\u00f3n, se coordinaron acciones clave con diversas instituciones para enfrentar la situaci\u00f3n y proteger a la poblaci\u00f3n. [&hellip;]<\/p>\n","protected":false},"author":1,"featured_media":20092,"comment_status":"closed","ping_status":"open","sticky":false,"template":"","format":"gallery","meta":[],"categories":[5],"tags":[178],"_links":{"self":[{"href":"https:\/\/gobernacionaltaverapaz.gob.gt\/index.php?rest_route=\/wp\/v2\/posts\/20091"}],"collection":[{"href":"https:\/\/gobernacionaltaverapaz.gob.gt\/index.php?rest_route=\/wp\/v2\/posts"}],"about":[{"href":"https:\/\/gobernacionaltaverapaz.gob.gt\/index.php?rest_route=\/wp\/v2\/types\/post"}],"author":[{"embeddable":true,"href":"https:\/\/gobernacionaltaverapaz.gob.gt\/index.php?rest_route=\/wp\/v2\/users\/1"}],"replies":[{"embeddable":true,"href":"https:\/\/gobernacionaltaverapaz.gob.gt\/index.php?rest_route=%2Fwp%2Fv2%2Fcomments&post=20091"}],"version-history":[{"count":2,"href":"https:\/\/gobernacionaltaverapaz.gob.gt\/index.php?rest_route=\/wp\/v2\/posts\/20091\/revisions"}],"predecessor-version":[{"id":20111,"href":"https:\/\/gobernacionaltaverapaz.gob.gt\/index.php?rest_route=\/wp\/v2\/posts\/20091\/revisions\/20111"}],"wp:featuredmedia":[{"embeddable":true,"href":"https:\/\/gobernacionaltaverapaz.gob.gt\/index.php?rest_route=\/wp\/v2\/media\/20092"}],"wp:attachment":[{"href":"https:\/\/gobernacionaltaverapaz.gob.gt\/index.php?rest_route=%2Fwp%2Fv2%2Fmedia&parent=20091"}],"wp:term":[{"taxonomy":"category","embeddable":true,"href":"https:\/\/gobernacionaltaverapaz.gob.gt\/index.php?rest_route=%2Fwp%2Fv2%2Fcategories&post=20091"},{"taxonomy":"post_tag","embeddable":true,"href":"https:\/\/gobernacionaltaverapaz.gob.gt\/index.php?rest_route=%2Fwp%2Fv2%2Ftags&post=20091"}],"curies":[{"name":"wp","href":"https:\/\/api.w.org\/{rel}","templated":true}]}}