{"id":20117,"date":"2024-09-24T14:50:26","date_gmt":"2024-09-24T20:50:26","guid":{"rendered":"https:\/\/gobernacionaltaverapaz.gob.gt\/?p=20117"},"modified":"2024-10-02T10:45:21","modified_gmt":"2024-10-02T16:45:21","slug":"se-refuerza-la-coordinacion-para-acelerar-obras-en-coban","status":"publish","type":"post","link":"https:\/\/gobernacionaltaverapaz.gob.gt\/?p=20117","title":{"rendered":"Se refuerza la coordinaci\u00f3n para acelerar obras en Cob\u00e1n"},"content":{"rendered":"<p style=\"text-align: justify;\">En una reciente reuni\u00f3n entre la Secretar\u00eda de Coordinaci\u00f3n Ejecutiva de la Presidencia (<strong>SCEP<\/strong>), el alcalde de Cob\u00e1n y la gobernadora de Alta Verapaz, se dialog\u00f3 sobre el avance de los proyectos de desarrollo del municipio. Se discuti\u00f3 la necesidad de mejorar la coordinaci\u00f3n para acelerar la ejecuci\u00f3n de obras clave, como infraestructura y servicios b\u00e1sicos, priorizando aquellas que impacten directamente en la calidad de vida de los ciudadanos. La <strong>SCEP<\/strong> ofreci\u00f3 su apoyo t\u00e9cnico para agilizar los procesos y se acord\u00f3 dar seguimiento a los proyectos en pr\u00f3ximas reuniones.<\/p>\n<div><\/div>\n","protected":false},"excerpt":{"rendered":"<p>En una reciente reuni\u00f3n entre la Secretar\u00eda de Coordinaci\u00f3n Ejecutiva de la Presidencia (SCEP), el alcalde de Cob\u00e1n y la gobernadora de Alta Verapaz, se dialog\u00f3 sobre el avance de los proyectos de desarrollo del municipio. Se discuti\u00f3 la necesidad de mejorar la coordinaci\u00f3n para acelerar la ejecuci\u00f3n de obras clave, como infraestructura y servicios [&hellip;]<\/p>\n","protected":false},"author":1,"featured_media":20122,"comment_status":"closed","ping_status":"open","sticky":false,"template":"","format":"gallery","meta":[],"categories":[183],"tags":[178],"_links":{"self":[{"href":"https:\/\/gobernacionaltaverapaz.gob.gt\/index.php?rest_route=\/wp\/v2\/posts\/20117"}],"collection":[{"href":"https:\/\/gobernacionaltaverapaz.gob.gt\/index.php?rest_route=\/wp\/v2\/posts"}],"about":[{"href":"https:\/\/gobernacionaltaverapaz.gob.gt\/index.php?rest_route=\/wp\/v2\/types\/post"}],"author":[{"embeddable":true,"href":"https:\/\/gobernacionaltaverapaz.gob.gt\/index.php?rest_route=\/wp\/v2\/users\/1"}],"replies":[{"embeddable":true,"href":"https:\/\/gobernacionaltaverapaz.gob.gt\/index.php?rest_route=%2Fwp%2Fv2%2Fcomments&post=20117"}],"version-history":[{"count":2,"href":"https:\/\/gobernacionaltaverapaz.gob.gt\/index.php?rest_route=\/wp\/v2\/posts\/20117\/revisions"}],"predecessor-version":[{"id":20128,"href":"https:\/\/gobernacionaltaverapaz.gob.gt\/index.php?rest_route=\/wp\/v2\/posts\/20117\/revisions\/20128"}],"wp:featuredmedia":[{"embeddable":true,"href":"https:\/\/gobernacionaltaverapaz.gob.gt\/index.php?rest_route=\/wp\/v2\/media\/20122"}],"wp:attachment":[{"href":"https:\/\/gobernacionaltaverapaz.gob.gt\/index.php?rest_route=%2Fwp%2Fv2%2Fmedia&parent=20117"}],"wp:term":[{"taxonomy":"category","embeddable":true,"href":"https:\/\/gobernacionaltaverapaz.gob.gt\/index.php?rest_route=%2Fwp%2Fv2%2Fcategories&post=20117"},{"taxonomy":"post_tag","embeddable":true,"href":"https:\/\/gobernacionaltaverapaz.gob.gt\/index.php?rest_route=%2Fwp%2Fv2%2Ftags&post=20117"}],"curies":[{"name":"wp","href":"https:\/\/api.w.org\/{rel}","templated":true}]}}