{"id":20140,"date":"2024-09-26T16:36:24","date_gmt":"2024-09-26T22:36:24","guid":{"rendered":"https:\/\/gobernacionaltaverapaz.gob.gt\/?p=20140"},"modified":"2024-10-02T11:08:35","modified_gmt":"2024-10-02T17:08:35","slug":"se-revisan-avances-de-iva-paz-y-gran-cruzada-en-reunion-del-codede-de-alta-verapaz","status":"publish","type":"post","link":"https:\/\/gobernacionaltaverapaz.gob.gt\/?p=20140","title":{"rendered":"Se revisan avances de IVA PAZ y Gran Cruzada en reuni\u00f3n del CODEDE de Alta Verapaz"},"content":{"rendered":"<div class=\"xdj266r x11i5rnm xat24cr x1mh8g0r x1vvkbs x126k92a\">\n<div dir=\"auto\">En la Reuni\u00f3n Ordinaria del Consejo Departamental de Desarrollo de Alta Verapaz, se abordaron los avances financieros de los proyectos del ejercicio fiscal 2024 con recursos de <strong>IVA PAZ<\/strong> y la Gran Cruzada Nacional por la Nutrici\u00f3n, adem\u00e1s de revisar el proceso de gesti\u00f3n y asistencia alimentaria.<\/div>\n<\/div>\n<div class=\"x11i5rnm xat24cr x1mh8g0r x1vvkbs xtlvy1s x126k92a\">\n<div dir=\"auto\">Tambi\u00e9n socializamos el Decreto <strong>17-2024<\/strong> y el Acuerdo Gubernativo <strong>137-2024<\/strong>, explicando sus lineamientos para garantizar un desarrollo integral en la regi\u00f3n.<\/div>\n<div dir=\"auto\">\n<div><\/div>\n<\/div>\n<\/div>\n","protected":false},"excerpt":{"rendered":"<p>En la Reuni\u00f3n Ordinaria del Consejo Departamental de Desarrollo de Alta Verapaz, se abordaron los avances financieros de los proyectos del ejercicio fiscal 2024 con recursos de IVA PAZ y la Gran Cruzada Nacional por la Nutrici\u00f3n, adem\u00e1s de revisar el proceso de gesti\u00f3n y asistencia alimentaria. Tambi\u00e9n socializamos el Decreto 17-2024 y el Acuerdo [&hellip;]<\/p>\n","protected":false},"author":1,"featured_media":20141,"comment_status":"closed","ping_status":"open","sticky":false,"template":"","format":"gallery","meta":[],"categories":[183],"tags":[178],"_links":{"self":[{"href":"https:\/\/gobernacionaltaverapaz.gob.gt\/index.php?rest_route=\/wp\/v2\/posts\/20140"}],"collection":[{"href":"https:\/\/gobernacionaltaverapaz.gob.gt\/index.php?rest_route=\/wp\/v2\/posts"}],"about":[{"href":"https:\/\/gobernacionaltaverapaz.gob.gt\/index.php?rest_route=\/wp\/v2\/types\/post"}],"author":[{"embeddable":true,"href":"https:\/\/gobernacionaltaverapaz.gob.gt\/index.php?rest_route=\/wp\/v2\/users\/1"}],"replies":[{"embeddable":true,"href":"https:\/\/gobernacionaltaverapaz.gob.gt\/index.php?rest_route=%2Fwp%2Fv2%2Fcomments&post=20140"}],"version-history":[{"count":2,"href":"https:\/\/gobernacionaltaverapaz.gob.gt\/index.php?rest_route=\/wp\/v2\/posts\/20140\/revisions"}],"predecessor-version":[{"id":20148,"href":"https:\/\/gobernacionaltaverapaz.gob.gt\/index.php?rest_route=\/wp\/v2\/posts\/20140\/revisions\/20148"}],"wp:featuredmedia":[{"embeddable":true,"href":"https:\/\/gobernacionaltaverapaz.gob.gt\/index.php?rest_route=\/wp\/v2\/media\/20141"}],"wp:attachment":[{"href":"https:\/\/gobernacionaltaverapaz.gob.gt\/index.php?rest_route=%2Fwp%2Fv2%2Fmedia&parent=20140"}],"wp:term":[{"taxonomy":"category","embeddable":true,"href":"https:\/\/gobernacionaltaverapaz.gob.gt\/index.php?rest_route=%2Fwp%2Fv2%2Fcategories&post=20140"},{"taxonomy":"post_tag","embeddable":true,"href":"https:\/\/gobernacionaltaverapaz.gob.gt\/index.php?rest_route=%2Fwp%2Fv2%2Ftags&post=20140"}],"curies":[{"name":"wp","href":"https:\/\/api.w.org\/{rel}","templated":true}]}}