{"id":20153,"date":"2024-10-01T13:36:48","date_gmt":"2024-10-01T19:36:48","guid":{"rendered":"https:\/\/gobernacionaltaverapaz.gob.gt\/?p=20153"},"modified":"2024-10-02T11:27:13","modified_gmt":"2024-10-02T17:27:13","slug":"gobernacion-de-alta-verapaz-convoca-a-elecciones-para-el-codede","status":"publish","type":"post","link":"https:\/\/gobernacionaltaverapaz.gob.gt\/?p=20153","title":{"rendered":"Gobernaci\u00f3n de Alta Verapaz convoca a elecciones para el CODEDE"},"content":{"rendered":"<div class=\"xdj266r x11i5rnm xat24cr x1mh8g0r x1vvkbs x126k92a\">\n<div dir=\"auto\" style=\"text-align: justify;\">La Gobernaci\u00f3n Departamental de Alta Verapaz <strong>CONVOCA<\/strong> a todas las Organizaciones No Gubernamentales de Desarrollo, con presencia en el departamento, a la Asamblea de Elecci\u00f3n de representante titular y representante suplente ante el Consejo Departamental del Desarrollo de Alta Verapaz.<\/div>\n<\/div>\n<div class=\"x11i5rnm xat24cr x1mh8g0r x1vvkbs xtlvy1s x126k92a\" style=\"text-align: justify;\">\n<div dir=\"auto\">La asamblea se realizar\u00e1 el lunes 7 de octubre del presente a\u00f1o, y dar\u00e1 inicio a las ocho de la ma\u00f1ana, en el Sal\u00f3n de Las Am\u00e9ricas del Palacio de Gobernaci\u00f3n Departamental, en la ciudad de Cob\u00e1n, Alta Verapaz<\/div>\n<\/div>\n<div class=\"x11i5rnm xat24cr x1mh8g0r x1vvkbs xtlvy1s x126k92a\" style=\"text-align: justify;\">\n<div dir=\"auto\">Encuentre toda la informaci\u00f3n en la p\u00e1gina de Facebook de Gobernaci\u00f3n Departamental de Alta Verapaz.<\/div>\n<\/div>\n<div class=\"x11i5rnm xat24cr x1mh8g0r x1vvkbs xtlvy1s x126k92a\">\n<div dir=\"auto\" style=\"text-align: justify;\">Participe con su organizaci\u00f3n para hacer valer con voz y voto a su sector ante el <strong>CODEDE.<\/strong><\/div>\n<\/div>\n<div class=\"x11i5rnm xat24cr x1mh8g0r x1vvkbs xtlvy1s x126k92a\">\n<div dir=\"auto\"><span class=\"html-span xdj266r x11i5rnm xat24cr x1mh8g0r xexx8yu x4uap5 x18d9i69 xkhd6sd x1hl2dhg x16tdsg8 x1vvkbs\"><a class=\"x1i10hfl xjbqb8w x1ejq31n xd10rxx x1sy0etr x17r0tee x972fbf xcfux6l x1qhh985 xm0m39n x9f619 x1ypdohk xt0psk2 xe8uvvx xdj266r x11i5rnm xat24cr x1mh8g0r xexx8yu x4uap5 x18d9i69 xkhd6sd x16tdsg8 x1hl2dhg xggy1nq x1a2a7pz x1sur9pj xkrqix3 x1fey0fg x1s688f\" tabindex=\"0\" role=\"link\" href=\"https:\/\/www.facebook.com\/hashtag\/codedeav?__eep__=6&amp;__cft__[0]=AZU8r4d_I6OqzVHTbPwBduBZ0XiduuJ_B_ngjAFI1pNO03fvRzF6gONHf3fe2Pxe8zWO1pV3KL8APWc2E6HOMz2_LninpmuKgs4SV4qNW_7cyzxz1yl1wBHMvWn8c0BRyctFO6hTpoczEkcJ-Rf_y2Zj6xqzDvU1xy4bWb6Nmb1VQvuhwuJb3JxUaI-IZRg7zYJej_e8bCmsCPB_nXQ9_voF&amp;__tn__=*NK-R\" target=\"_blank\" rel=\"noopener\">#codedeav<\/a><\/span><br \/>\n<span class=\"html-span xdj266r x11i5rnm xat24cr x1mh8g0r xexx8yu x4uap5 x18d9i69 xkhd6sd x1hl2dhg x16tdsg8 x1vvkbs\"><a class=\"x1i10hfl xjbqb8w x1ejq31n xd10rxx x1sy0etr x17r0tee x972fbf xcfux6l x1qhh985 xm0m39n x9f619 x1ypdohk xt0psk2 xe8uvvx xdj266r x11i5rnm xat24cr x1mh8g0r xexx8yu x4uap5 x18d9i69 xkhd6sd x16tdsg8 x1hl2dhg xggy1nq x1a2a7pz x1sur9pj xkrqix3 x1fey0fg x1s688f\" tabindex=\"0\" role=\"link\" href=\"https:\/\/www.facebook.com\/secretariaejecutiva.scep?__cft__[0]=AZU8r4d_I6OqzVHTbPwBduBZ0XiduuJ_B_ngjAFI1pNO03fvRzF6gONHf3fe2Pxe8zWO1pV3KL8APWc2E6HOMz2_LninpmuKgs4SV4qNW_7cyzxz1yl1wBHMvWn8c0BRyctFO6hTpoczEkcJ-Rf_y2Zj6xqzDvU1xy4bWb6Nmb1VQvuhwuJb3JxUaI-IZRg7zYJej_e8bCmsCPB_nXQ9_voF&amp;__tn__=-]K-R\" target=\"_blank\" rel=\"noopener\"><span class=\"xt0psk2\">SCEP<\/span><\/a><\/span><br \/>\n<span class=\"html-span xdj266r x11i5rnm xat24cr x1mh8g0r xexx8yu x4uap5 x18d9i69 xkhd6sd x1hl2dhg x16tdsg8 x1vvkbs\"><a class=\"x1i10hfl xjbqb8w x1ejq31n xd10rxx x1sy0etr x17r0tee x972fbf xcfux6l x1qhh985 xm0m39n x9f619 x1ypdohk xt0psk2 xe8uvvx xdj266r x11i5rnm xat24cr x1mh8g0r xexx8yu x4uap5 x18d9i69 xkhd6sd x16tdsg8 x1hl2dhg xggy1nq x1a2a7pz x1sur9pj xkrqix3 x1fey0fg x1s688f\" tabindex=\"0\" role=\"link\" href=\"https:\/\/www.facebook.com\/COREDUR.Norte?__cft__[0]=AZU8r4d_I6OqzVHTbPwBduBZ0XiduuJ_B_ngjAFI1pNO03fvRzF6gONHf3fe2Pxe8zWO1pV3KL8APWc2E6HOMz2_LninpmuKgs4SV4qNW_7cyzxz1yl1wBHMvWn8c0BRyctFO6hTpoczEkcJ-Rf_y2Zj6xqzDvU1xy4bWb6Nmb1VQvuhwuJb3JxUaI-IZRg7zYJej_e8bCmsCPB_nXQ9_voF&amp;__tn__=-]K-R\" target=\"_blank\" rel=\"noopener\"><span class=\"xt0psk2\">Coredur Regi\u00f3n Norte<\/span><\/a><\/span><br \/>\n<span class=\"html-span xdj266r x11i5rnm xat24cr x1mh8g0r xexx8yu x4uap5 x18d9i69 xkhd6sd x1hl2dhg x16tdsg8 x1vvkbs\"><a class=\"x1i10hfl xjbqb8w x1ejq31n xd10rxx x1sy0etr x17r0tee x972fbf xcfux6l x1qhh985 xm0m39n x9f619 x1ypdohk xt0psk2 xe8uvvx xdj266r x11i5rnm xat24cr x1mh8g0r xexx8yu x4uap5 x18d9i69 xkhd6sd x16tdsg8 x1hl2dhg xggy1nq x1a2a7pz x1sur9pj xkrqix3 x1fey0fg x1s688f\" tabindex=\"0\" role=\"link\" href=\"https:\/\/www.facebook.com\/codede.av?__cft__[0]=AZU8r4d_I6OqzVHTbPwBduBZ0XiduuJ_B_ngjAFI1pNO03fvRzF6gONHf3fe2Pxe8zWO1pV3KL8APWc2E6HOMz2_LninpmuKgs4SV4qNW_7cyzxz1yl1wBHMvWn8c0BRyctFO6hTpoczEkcJ-Rf_y2Zj6xqzDvU1xy4bWb6Nmb1VQvuhwuJb3JxUaI-IZRg7zYJej_e8bCmsCPB_nXQ9_voF&amp;__tn__=-]K-R\" target=\"_blank\" rel=\"noopener\"><span class=\"xt0psk2\">Codede AV<\/span><\/a><\/span><\/div>\n<div dir=\"auto\"><a href=\"https:\/\/www.facebook.com\/share\/v\/Btrw6AyF3GvTjMiF\/\" target=\"_blank\" rel=\"noopener\"><img decoding=\"async\" loading=\"lazy\" class=\"alignnone wp-image-20154 size-full\" title=\"Ver video\" src=\"https:\/\/gobernacionaltaverapaz.gob.gt\/wp-content\/uploads\/2024\/10\/001-6.jpg\" alt=\"\" width=\"900\" height=\"600\" srcset=\"https:\/\/gobernacionaltaverapaz.gob.gt\/wp-content\/uploads\/2024\/10\/001-6.jpg 900w, https:\/\/gobernacionaltaverapaz.gob.gt\/wp-content\/uploads\/2024\/10\/001-6-300x200.jpg 300w, https:\/\/gobernacionaltaverapaz.gob.gt\/wp-content\/uploads\/2024\/10\/001-6-768x512.jpg 768w\" sizes=\"(max-width: 900px) 100vw, 900px\" \/><\/a><\/div>\n<\/div>\n","protected":false},"excerpt":{"rendered":"<p>La Gobernaci\u00f3n Departamental de Alta Verapaz CONVOCA a todas las Organizaciones No Gubernamentales de Desarrollo, con presencia en el departamento, a la Asamblea de Elecci\u00f3n de representante titular y representante suplente ante el Consejo Departamental del Desarrollo de Alta Verapaz. La asamblea se realizar\u00e1 el lunes 7 de octubre del presente a\u00f1o, y dar\u00e1 inicio [&hellip;]<\/p>\n","protected":false},"author":1,"featured_media":20155,"comment_status":"closed","ping_status":"open","sticky":false,"template":"","format":"video","meta":[],"categories":[183],"tags":[178],"_links":{"self":[{"href":"https:\/\/gobernacionaltaverapaz.gob.gt\/index.php?rest_route=\/wp\/v2\/posts\/20153"}],"collection":[{"href":"https:\/\/gobernacionaltaverapaz.gob.gt\/index.php?rest_route=\/wp\/v2\/posts"}],"about":[{"href":"https:\/\/gobernacionaltaverapaz.gob.gt\/index.php?rest_route=\/wp\/v2\/types\/post"}],"author":[{"embeddable":true,"href":"https:\/\/gobernacionaltaverapaz.gob.gt\/index.php?rest_route=\/wp\/v2\/users\/1"}],"replies":[{"embeddable":true,"href":"https:\/\/gobernacionaltaverapaz.gob.gt\/index.php?rest_route=%2Fwp%2Fv2%2Fcomments&post=20153"}],"version-history":[{"count":1,"href":"https:\/\/gobernacionaltaverapaz.gob.gt\/index.php?rest_route=\/wp\/v2\/posts\/20153\/revisions"}],"predecessor-version":[{"id":20156,"href":"https:\/\/gobernacionaltaverapaz.gob.gt\/index.php?rest_route=\/wp\/v2\/posts\/20153\/revisions\/20156"}],"wp:featuredmedia":[{"embeddable":true,"href":"https:\/\/gobernacionaltaverapaz.gob.gt\/index.php?rest_route=\/wp\/v2\/media\/20155"}],"wp:attachment":[{"href":"https:\/\/gobernacionaltaverapaz.gob.gt\/index.php?rest_route=%2Fwp%2Fv2%2Fmedia&parent=20153"}],"wp:term":[{"taxonomy":"category","embeddable":true,"href":"https:\/\/gobernacionaltaverapaz.gob.gt\/index.php?rest_route=%2Fwp%2Fv2%2Fcategories&post=20153"},{"taxonomy":"post_tag","embeddable":true,"href":"https:\/\/gobernacionaltaverapaz.gob.gt\/index.php?rest_route=%2Fwp%2Fv2%2Ftags&post=20153"}],"curies":[{"name":"wp","href":"https:\/\/api.w.org\/{rel}","templated":true}]}}