{"id":20157,"date":"2024-10-01T16:37:48","date_gmt":"2024-10-01T22:37:48","guid":{"rendered":"https:\/\/gobernacionaltaverapaz.gob.gt\/?p=20157"},"modified":"2024-10-02T11:34:30","modified_gmt":"2024-10-02T17:34:30","slug":"nina-alcaldesa-visita-gobernacion-de-alta-verapaz-y-aprende-sobre-el-gobierno","status":"publish","type":"post","link":"https:\/\/gobernacionaltaverapaz.gob.gt\/?p=20157","title":{"rendered":"Ni\u00f1a alcaldesa visita Gobernaci\u00f3n de Alta Verapaz y aprende sobre el gobierno"},"content":{"rendered":"<p>\u00a1Hoy tuvimos una visita muy especial en el Despacho de Gobernaci\u00f3n Departamental de Alta Verapaz! Nuestra alcaldesa por un d\u00eda Dulce Mar\u00eda Maaz. Tuvo la oportunidad de conocer a nuestra gobernadora y participar en una enriquecedora reuni\u00f3n. Un d\u00eda lleno de aprendizaje y alegr\u00eda.<\/p>\n<div><\/div>\n","protected":false},"excerpt":{"rendered":"<p>\u00a1Hoy tuvimos una visita muy especial en el Despacho de Gobernaci\u00f3n Departamental de Alta Verapaz! Nuestra alcaldesa por un d\u00eda Dulce Mar\u00eda Maaz. Tuvo la oportunidad de conocer a nuestra gobernadora y participar en una enriquecedora reuni\u00f3n. Un d\u00eda lleno de aprendizaje y alegr\u00eda.<\/p>\n","protected":false},"author":1,"featured_media":20158,"comment_status":"closed","ping_status":"open","sticky":false,"template":"","format":"gallery","meta":[],"categories":[2],"tags":[178],"_links":{"self":[{"href":"https:\/\/gobernacionaltaverapaz.gob.gt\/index.php?rest_route=\/wp\/v2\/posts\/20157"}],"collection":[{"href":"https:\/\/gobernacionaltaverapaz.gob.gt\/index.php?rest_route=\/wp\/v2\/posts"}],"about":[{"href":"https:\/\/gobernacionaltaverapaz.gob.gt\/index.php?rest_route=\/wp\/v2\/types\/post"}],"author":[{"embeddable":true,"href":"https:\/\/gobernacionaltaverapaz.gob.gt\/index.php?rest_route=\/wp\/v2\/users\/1"}],"replies":[{"embeddable":true,"href":"https:\/\/gobernacionaltaverapaz.gob.gt\/index.php?rest_route=%2Fwp%2Fv2%2Fcomments&post=20157"}],"version-history":[{"count":2,"href":"https:\/\/gobernacionaltaverapaz.gob.gt\/index.php?rest_route=\/wp\/v2\/posts\/20157\/revisions"}],"predecessor-version":[{"id":20163,"href":"https:\/\/gobernacionaltaverapaz.gob.gt\/index.php?rest_route=\/wp\/v2\/posts\/20157\/revisions\/20163"}],"wp:featuredmedia":[{"embeddable":true,"href":"https:\/\/gobernacionaltaverapaz.gob.gt\/index.php?rest_route=\/wp\/v2\/media\/20158"}],"wp:attachment":[{"href":"https:\/\/gobernacionaltaverapaz.gob.gt\/index.php?rest_route=%2Fwp%2Fv2%2Fmedia&parent=20157"}],"wp:term":[{"taxonomy":"category","embeddable":true,"href":"https:\/\/gobernacionaltaverapaz.gob.gt\/index.php?rest_route=%2Fwp%2Fv2%2Fcategories&post=20157"},{"taxonomy":"post_tag","embeddable":true,"href":"https:\/\/gobernacionaltaverapaz.gob.gt\/index.php?rest_route=%2Fwp%2Fv2%2Ftags&post=20157"}],"curies":[{"name":"wp","href":"https:\/\/api.w.org\/{rel}","templated":true}]}}