{"id":20175,"date":"2024-10-03T17:20:31","date_gmt":"2024-10-03T23:20:31","guid":{"rendered":"https:\/\/gobernacionaltaverapaz.gob.gt\/?p=20175"},"modified":"2024-10-10T12:57:14","modified_gmt":"2024-10-10T18:57:14","slug":"la-carrera-de-ingenieria-en-gestion-ambiental-llevo-a-cabo-el-4to-congreso-ambiental-2024","status":"publish","type":"post","link":"https:\/\/gobernacionaltaverapaz.gob.gt\/?p=20175","title":{"rendered":"La Carrera de Ingenier\u00eda en Gesti\u00f3n Ambiental llev\u00f3 a cabo el 4to Congreso Ambiental 2024"},"content":{"rendered":"<div class=\"html-div xdj266r x11i5rnm xat24cr x1mh8g0r xexx8yu x4uap5 x18d9i69 xkhd6sd\" dir=\"auto\">\n<div id=\":rfp:\" class=\"x1l90r2v x1pi30zi x1swvt13 x1iorvi4\" data-ad-comet-preview=\"message\" data-ad-preview=\"message\">\n<div class=\"x78zum5 xdt5ytf xz62fqu x16ldp7u\">\n<div class=\"xu06os2 x1ok221b\">\n<div class=\"xdj266r x11i5rnm xat24cr x1mh8g0r x1vvkbs x126k92a\">\n<div dir=\"auto\" style=\"text-align: justify;\">La Carrera de Ingenier\u00eda en Gesti\u00f3n Ambiental llev\u00f3 a cabo el 4to Congreso Ambiental 2024, donde se discuti\u00f3 a fondo la gesti\u00f3n integral del recurso h\u00eddrico y la conservaci\u00f3n en la cuenca del r\u00edo Cahab\u00f3n.<\/div>\n<\/div>\n<div class=\"x11i5rnm xat24cr x1mh8g0r x1vvkbs xtlvy1s x126k92a\" style=\"text-align: justify;\">\n<div dir=\"auto\">Durante el evento, panelistas expertos expusieron sobre la problem\u00e1tica del agua, la susceptibilidad a la contaminaci\u00f3n, y la urgente necesidad de preservar nuestros recursos naturales.<\/div>\n<\/div>\n<div class=\"x11i5rnm xat24cr x1mh8g0r x1vvkbs xtlvy1s x126k92a\">\n<div dir=\"auto\" style=\"text-align: justify;\">Este congreso subraya la importancia de unir esfuerzos para enfrentar los retos ambientales y asegurar un futuro sostenible para nuestras comunidades y el medio ambiente.<\/div>\n<\/div>\n<\/div>\n<\/div>\n<\/div>\n<\/div>\n<p>&nbsp;<\/p>\n<div><\/div>\n","protected":false},"excerpt":{"rendered":"<p>La Carrera de Ingenier\u00eda en Gesti\u00f3n Ambiental llev\u00f3 a cabo el 4to Congreso Ambiental 2024, donde se discuti\u00f3 a fondo la gesti\u00f3n integral del recurso h\u00eddrico y la conservaci\u00f3n en la cuenca del r\u00edo Cahab\u00f3n. Durante el evento, panelistas expertos expusieron sobre la problem\u00e1tica del agua, la susceptibilidad a la contaminaci\u00f3n, y la urgente necesidad [&hellip;]<\/p>\n","protected":false},"author":1,"featured_media":20176,"comment_status":"closed","ping_status":"open","sticky":false,"template":"","format":"gallery","meta":[],"categories":[183],"tags":[178],"_links":{"self":[{"href":"https:\/\/gobernacionaltaverapaz.gob.gt\/index.php?rest_route=\/wp\/v2\/posts\/20175"}],"collection":[{"href":"https:\/\/gobernacionaltaverapaz.gob.gt\/index.php?rest_route=\/wp\/v2\/posts"}],"about":[{"href":"https:\/\/gobernacionaltaverapaz.gob.gt\/index.php?rest_route=\/wp\/v2\/types\/post"}],"author":[{"embeddable":true,"href":"https:\/\/gobernacionaltaverapaz.gob.gt\/index.php?rest_route=\/wp\/v2\/users\/1"}],"replies":[{"embeddable":true,"href":"https:\/\/gobernacionaltaverapaz.gob.gt\/index.php?rest_route=%2Fwp%2Fv2%2Fcomments&post=20175"}],"version-history":[{"count":1,"href":"https:\/\/gobernacionaltaverapaz.gob.gt\/index.php?rest_route=\/wp\/v2\/posts\/20175\/revisions"}],"predecessor-version":[{"id":20177,"href":"https:\/\/gobernacionaltaverapaz.gob.gt\/index.php?rest_route=\/wp\/v2\/posts\/20175\/revisions\/20177"}],"wp:featuredmedia":[{"embeddable":true,"href":"https:\/\/gobernacionaltaverapaz.gob.gt\/index.php?rest_route=\/wp\/v2\/media\/20176"}],"wp:attachment":[{"href":"https:\/\/gobernacionaltaverapaz.gob.gt\/index.php?rest_route=%2Fwp%2Fv2%2Fmedia&parent=20175"}],"wp:term":[{"taxonomy":"category","embeddable":true,"href":"https:\/\/gobernacionaltaverapaz.gob.gt\/index.php?rest_route=%2Fwp%2Fv2%2Fcategories&post=20175"},{"taxonomy":"post_tag","embeddable":true,"href":"https:\/\/gobernacionaltaverapaz.gob.gt\/index.php?rest_route=%2Fwp%2Fv2%2Ftags&post=20175"}],"curies":[{"name":"wp","href":"https:\/\/api.w.org\/{rel}","templated":true}]}}