{"id":20206,"date":"2024-10-03T17:29:52","date_gmt":"2024-10-03T23:29:52","guid":{"rendered":"https:\/\/gobernacionaltaverapaz.gob.gt\/?p=20206"},"modified":"2024-10-10T14:41:25","modified_gmt":"2024-10-10T20:41:25","slug":"cadenas-de-valor-en-las-verapaces","status":"publish","type":"post","link":"https:\/\/gobernacionaltaverapaz.gob.gt\/?p=20206","title":{"rendered":"Cadenas de Valor en las Verapaces"},"content":{"rendered":"<div class=\"x11i5rnm xat24cr x1mh8g0r x1vvkbs xtlvy1s x126k92a\">\n<div dir=\"auto\" style=\"text-align: justify;\">El proyecto Feed the Future Guatemala (2024-2029), respaldado por FEDECOVERA, USAID y otras organizaciones, tiene como objetivo mejorar la productividad agr\u00edcola y la resiliencia clim\u00e1tica en Alta y Baja Verapaz. Con una inversi\u00f3n de $19.9 millones, busca transformar la vida de m\u00e1s de 20,000 peque\u00f1os agricultores, fomentando la diversificaci\u00f3n de cultivos y asegurando el acceso a agua potable y mercados.<\/div>\n<\/div>\n<div class=\"x11i5rnm xat24cr x1mh8g0r x1vvkbs xtlvy1s x126k92a\">\n<div dir=\"auto\" style=\"text-align: justify;\">Durante el evento, diversas organizaciones participaron con stands donde mostraron su trabajo y formas de colaboraci\u00f3n. Este espacio permiti\u00f3 a los agricultores y asistentes conocer de cerca las iniciativas de desarrollo rural, fortaleciendo el trabajo en conjunto para un futuro m\u00e1s sostenible.<\/div>\n<\/div>\n<p>&nbsp;<\/p>\n<div><\/div>\n","protected":false},"excerpt":{"rendered":"<p>El proyecto Feed the Future Guatemala (2024-2029), respaldado por FEDECOVERA, USAID y otras organizaciones, tiene como objetivo mejorar la productividad agr\u00edcola y la resiliencia clim\u00e1tica en Alta y Baja Verapaz. Con una inversi\u00f3n de $19.9 millones, busca transformar la vida de m\u00e1s de 20,000 peque\u00f1os agricultores, fomentando la diversificaci\u00f3n de cultivos y asegurando el acceso [&hellip;]<\/p>\n","protected":false},"author":1,"featured_media":20207,"comment_status":"closed","ping_status":"open","sticky":false,"template":"","format":"gallery","meta":[],"categories":[194],"tags":[178],"_links":{"self":[{"href":"https:\/\/gobernacionaltaverapaz.gob.gt\/index.php?rest_route=\/wp\/v2\/posts\/20206"}],"collection":[{"href":"https:\/\/gobernacionaltaverapaz.gob.gt\/index.php?rest_route=\/wp\/v2\/posts"}],"about":[{"href":"https:\/\/gobernacionaltaverapaz.gob.gt\/index.php?rest_route=\/wp\/v2\/types\/post"}],"author":[{"embeddable":true,"href":"https:\/\/gobernacionaltaverapaz.gob.gt\/index.php?rest_route=\/wp\/v2\/users\/1"}],"replies":[{"embeddable":true,"href":"https:\/\/gobernacionaltaverapaz.gob.gt\/index.php?rest_route=%2Fwp%2Fv2%2Fcomments&post=20206"}],"version-history":[{"count":2,"href":"https:\/\/gobernacionaltaverapaz.gob.gt\/index.php?rest_route=\/wp\/v2\/posts\/20206\/revisions"}],"predecessor-version":[{"id":20209,"href":"https:\/\/gobernacionaltaverapaz.gob.gt\/index.php?rest_route=\/wp\/v2\/posts\/20206\/revisions\/20209"}],"wp:featuredmedia":[{"embeddable":true,"href":"https:\/\/gobernacionaltaverapaz.gob.gt\/index.php?rest_route=\/wp\/v2\/media\/20207"}],"wp:attachment":[{"href":"https:\/\/gobernacionaltaverapaz.gob.gt\/index.php?rest_route=%2Fwp%2Fv2%2Fmedia&parent=20206"}],"wp:term":[{"taxonomy":"category","embeddable":true,"href":"https:\/\/gobernacionaltaverapaz.gob.gt\/index.php?rest_route=%2Fwp%2Fv2%2Fcategories&post=20206"},{"taxonomy":"post_tag","embeddable":true,"href":"https:\/\/gobernacionaltaverapaz.gob.gt\/index.php?rest_route=%2Fwp%2Fv2%2Ftags&post=20206"}],"curies":[{"name":"wp","href":"https:\/\/api.w.org\/{rel}","templated":true}]}}