{"id":20228,"date":"2024-10-03T17:35:56","date_gmt":"2024-10-03T23:35:56","guid":{"rendered":"https:\/\/gobernacionaltaverapaz.gob.gt\/?p=20228"},"modified":"2024-10-10T14:57:27","modified_gmt":"2024-10-10T20:57:27","slug":"celebracion-del-dia-del-nino-con-los-cocoditos","status":"publish","type":"post","link":"https:\/\/gobernacionaltaverapaz.gob.gt\/?p=20228","title":{"rendered":"Celebraci\u00f3n del D\u00eda del Ni\u00f1o con Los COCODITOS"},"content":{"rendered":"<div class=\"x11i5rnm xat24cr x1mh8g0r x1vvkbs xtlvy1s x126k92a\">\n<div dir=\"auto\" style=\"text-align: justify;\">El d\u00eda de hoy nuestros COCODITOS del Barrio La Libertad tuvieron la oportunidad de conocer el trabajo en la Gobernaci\u00f3n Departamental.<\/div>\n<\/div>\n<div class=\"x11i5rnm xat24cr x1mh8g0r x1vvkbs xtlvy1s x126k92a\">\n<div dir=\"auto\" style=\"text-align: justify;\">Fue un momento especial para dialogar con la se\u00f1ora Gobernadora y aprender sobre la importancia de la gesti\u00f3n p\u00fablica en el desarrollo de nuestras comunidades.<\/div>\n<\/div>\n<p>&nbsp;<\/p>\n<div><\/div>\n","protected":false},"excerpt":{"rendered":"<p>El d\u00eda de hoy nuestros COCODITOS del Barrio La Libertad tuvieron la oportunidad de conocer el trabajo en la Gobernaci\u00f3n Departamental. Fue un momento especial para dialogar con la se\u00f1ora Gobernadora y aprender sobre la importancia de la gesti\u00f3n p\u00fablica en el desarrollo de nuestras comunidades. &nbsp;<\/p>\n","protected":false},"author":1,"featured_media":20229,"comment_status":"closed","ping_status":"open","sticky":false,"template":"","format":"gallery","meta":[],"categories":[183],"tags":[178],"_links":{"self":[{"href":"https:\/\/gobernacionaltaverapaz.gob.gt\/index.php?rest_route=\/wp\/v2\/posts\/20228"}],"collection":[{"href":"https:\/\/gobernacionaltaverapaz.gob.gt\/index.php?rest_route=\/wp\/v2\/posts"}],"about":[{"href":"https:\/\/gobernacionaltaverapaz.gob.gt\/index.php?rest_route=\/wp\/v2\/types\/post"}],"author":[{"embeddable":true,"href":"https:\/\/gobernacionaltaverapaz.gob.gt\/index.php?rest_route=\/wp\/v2\/users\/1"}],"replies":[{"embeddable":true,"href":"https:\/\/gobernacionaltaverapaz.gob.gt\/index.php?rest_route=%2Fwp%2Fv2%2Fcomments&post=20228"}],"version-history":[{"count":1,"href":"https:\/\/gobernacionaltaverapaz.gob.gt\/index.php?rest_route=\/wp\/v2\/posts\/20228\/revisions"}],"predecessor-version":[{"id":20230,"href":"https:\/\/gobernacionaltaverapaz.gob.gt\/index.php?rest_route=\/wp\/v2\/posts\/20228\/revisions\/20230"}],"wp:featuredmedia":[{"embeddable":true,"href":"https:\/\/gobernacionaltaverapaz.gob.gt\/index.php?rest_route=\/wp\/v2\/media\/20229"}],"wp:attachment":[{"href":"https:\/\/gobernacionaltaverapaz.gob.gt\/index.php?rest_route=%2Fwp%2Fv2%2Fmedia&parent=20228"}],"wp:term":[{"taxonomy":"category","embeddable":true,"href":"https:\/\/gobernacionaltaverapaz.gob.gt\/index.php?rest_route=%2Fwp%2Fv2%2Fcategories&post=20228"},{"taxonomy":"post_tag","embeddable":true,"href":"https:\/\/gobernacionaltaverapaz.gob.gt\/index.php?rest_route=%2Fwp%2Fv2%2Ftags&post=20228"}],"curies":[{"name":"wp","href":"https:\/\/api.w.org\/{rel}","templated":true}]}}