{"id":20247,"date":"2024-10-07T16:09:04","date_gmt":"2024-10-07T22:09:04","guid":{"rendered":"https:\/\/gobernacionaltaverapaz.gob.gt\/?p=20247"},"modified":"2024-10-10T15:16:37","modified_gmt":"2024-10-10T21:16:37","slug":"reunion-de-codred","status":"publish","type":"post","link":"https:\/\/gobernacionaltaverapaz.gob.gt\/?p=20247","title":{"rendered":"Reuni\u00f3n de CODRED"},"content":{"rendered":"<div class=\"xdj266r x11i5rnm xat24cr x1mh8g0r x1vvkbs x126k92a\">\n<div dir=\"auto\" style=\"text-align: justify;\">El d\u00eda de hoy 7 de octubre, en las instalaciones del Palacio de Gobernaci\u00f3n Departamental de Alta Verapaz se llev\u00f3 a cabo la reuni\u00f3n de CODRED, con el objetivo de darle seguimiento a las acciones preventivas por la declaratoria de Alerta Color Anaranjado Institucional a Nivel Departamental por Dengue, \u00e9poca de lluvias y todos los eventos activos en el departamento.<\/div>\n<\/div>\n<div class=\"x11i5rnm xat24cr x1mh8g0r x1vvkbs xtlvy1s x126k92a\">\n<div dir=\"auto\" style=\"text-align: justify;\">INSIVUMEH present\u00f3 las condiciones clim\u00e1ticas actuales y el Ministerio de Salud expuso la situaci\u00f3n del dengue en el departamento. As\u00ed mismo, las diferentes instituciones gubernamentales expusieron las acciones realizadas hasta el momento.<\/div>\n<\/div>\n<p>&nbsp;<\/p>\n<div><\/div>\n","protected":false},"excerpt":{"rendered":"<p>El d\u00eda de hoy 7 de octubre, en las instalaciones del Palacio de Gobernaci\u00f3n Departamental de Alta Verapaz se llev\u00f3 a cabo la reuni\u00f3n de CODRED, con el objetivo de darle seguimiento a las acciones preventivas por la declaratoria de Alerta Color Anaranjado Institucional a Nivel Departamental por Dengue, \u00e9poca de lluvias y todos los [&hellip;]<\/p>\n","protected":false},"author":1,"featured_media":20248,"comment_status":"closed","ping_status":"open","sticky":false,"template":"","format":"gallery","meta":[],"categories":[183],"tags":[178],"_links":{"self":[{"href":"https:\/\/gobernacionaltaverapaz.gob.gt\/index.php?rest_route=\/wp\/v2\/posts\/20247"}],"collection":[{"href":"https:\/\/gobernacionaltaverapaz.gob.gt\/index.php?rest_route=\/wp\/v2\/posts"}],"about":[{"href":"https:\/\/gobernacionaltaverapaz.gob.gt\/index.php?rest_route=\/wp\/v2\/types\/post"}],"author":[{"embeddable":true,"href":"https:\/\/gobernacionaltaverapaz.gob.gt\/index.php?rest_route=\/wp\/v2\/users\/1"}],"replies":[{"embeddable":true,"href":"https:\/\/gobernacionaltaverapaz.gob.gt\/index.php?rest_route=%2Fwp%2Fv2%2Fcomments&post=20247"}],"version-history":[{"count":1,"href":"https:\/\/gobernacionaltaverapaz.gob.gt\/index.php?rest_route=\/wp\/v2\/posts\/20247\/revisions"}],"predecessor-version":[{"id":20249,"href":"https:\/\/gobernacionaltaverapaz.gob.gt\/index.php?rest_route=\/wp\/v2\/posts\/20247\/revisions\/20249"}],"wp:featuredmedia":[{"embeddable":true,"href":"https:\/\/gobernacionaltaverapaz.gob.gt\/index.php?rest_route=\/wp\/v2\/media\/20248"}],"wp:attachment":[{"href":"https:\/\/gobernacionaltaverapaz.gob.gt\/index.php?rest_route=%2Fwp%2Fv2%2Fmedia&parent=20247"}],"wp:term":[{"taxonomy":"category","embeddable":true,"href":"https:\/\/gobernacionaltaverapaz.gob.gt\/index.php?rest_route=%2Fwp%2Fv2%2Fcategories&post=20247"},{"taxonomy":"post_tag","embeddable":true,"href":"https:\/\/gobernacionaltaverapaz.gob.gt\/index.php?rest_route=%2Fwp%2Fv2%2Ftags&post=20247"}],"curies":[{"name":"wp","href":"https:\/\/api.w.org\/{rel}","templated":true}]}}