{"id":20272,"date":"2024-10-08T18:47:40","date_gmt":"2024-10-09T00:47:40","guid":{"rendered":"https:\/\/gobernacionaltaverapaz.gob.gt\/?p=20272"},"modified":"2024-10-10T15:33:50","modified_gmt":"2024-10-10T21:33:50","slug":"palacio-de-gobernacion-se-llevo-a-cabo-la-reunion-sobre-el-caso-aldea-queja","status":"publish","type":"post","link":"https:\/\/gobernacionaltaverapaz.gob.gt\/?p=20272","title":{"rendered":"Palacio de Gobernaci\u00f3n, se llev\u00f3 a cabo la reuni\u00f3n sobre el Caso Aldea Quej\u00e1"},"content":{"rendered":"<p style=\"text-align: justify;\"><span class=\"x193iq5w xeuugli x13faqbe x1vvkbs x1xmvt09 x1lliihq x1s928wv xhkezso x1gmr53x x1cpjm7i x1fgarty x1943h6x xudqn12 x3x7a5m x6prxxf xvq8zen xo1l8bm xzsf02u x1yc453h\" dir=\"auto\">El d\u00eda de hoy 8 de Octubre en el Palacio de Gobernaci\u00f3n, se llev\u00f3 a cabo la reuni\u00f3n sobre el Caso Aldea Quej\u00e1, San Crist\u00f3bal Verapaz, Alta Verapaz, en donde las Instituciones Gubernamentales junto a Gobernadora de Alta Verapaz y Alcalde Municipal de San Crist\u00f3bal Verapaz Celso Gue Gua dando seguimiento a la problem\u00e1tica, estableciendo la ruta de abordaje de las pr\u00f3ximas acciones y pasos a seguir.<\/span><\/p>\n<p>&nbsp;<\/p>\n<div><\/div>\n","protected":false},"excerpt":{"rendered":"<p>El d\u00eda de hoy 8 de Octubre en el Palacio de Gobernaci\u00f3n, se llev\u00f3 a cabo la reuni\u00f3n sobre el Caso Aldea Quej\u00e1, San Crist\u00f3bal Verapaz, Alta Verapaz, en donde las Instituciones Gubernamentales junto a Gobernadora de Alta Verapaz y Alcalde Municipal de San Crist\u00f3bal Verapaz Celso Gue Gua dando seguimiento a la problem\u00e1tica, estableciendo [&hellip;]<\/p>\n","protected":false},"author":1,"featured_media":20273,"comment_status":"closed","ping_status":"open","sticky":false,"template":"","format":"gallery","meta":[],"categories":[183],"tags":[178],"_links":{"self":[{"href":"https:\/\/gobernacionaltaverapaz.gob.gt\/index.php?rest_route=\/wp\/v2\/posts\/20272"}],"collection":[{"href":"https:\/\/gobernacionaltaverapaz.gob.gt\/index.php?rest_route=\/wp\/v2\/posts"}],"about":[{"href":"https:\/\/gobernacionaltaverapaz.gob.gt\/index.php?rest_route=\/wp\/v2\/types\/post"}],"author":[{"embeddable":true,"href":"https:\/\/gobernacionaltaverapaz.gob.gt\/index.php?rest_route=\/wp\/v2\/users\/1"}],"replies":[{"embeddable":true,"href":"https:\/\/gobernacionaltaverapaz.gob.gt\/index.php?rest_route=%2Fwp%2Fv2%2Fcomments&post=20272"}],"version-history":[{"count":1,"href":"https:\/\/gobernacionaltaverapaz.gob.gt\/index.php?rest_route=\/wp\/v2\/posts\/20272\/revisions"}],"predecessor-version":[{"id":20274,"href":"https:\/\/gobernacionaltaverapaz.gob.gt\/index.php?rest_route=\/wp\/v2\/posts\/20272\/revisions\/20274"}],"wp:featuredmedia":[{"embeddable":true,"href":"https:\/\/gobernacionaltaverapaz.gob.gt\/index.php?rest_route=\/wp\/v2\/media\/20273"}],"wp:attachment":[{"href":"https:\/\/gobernacionaltaverapaz.gob.gt\/index.php?rest_route=%2Fwp%2Fv2%2Fmedia&parent=20272"}],"wp:term":[{"taxonomy":"category","embeddable":true,"href":"https:\/\/gobernacionaltaverapaz.gob.gt\/index.php?rest_route=%2Fwp%2Fv2%2Fcategories&post=20272"},{"taxonomy":"post_tag","embeddable":true,"href":"https:\/\/gobernacionaltaverapaz.gob.gt\/index.php?rest_route=%2Fwp%2Fv2%2Ftags&post=20272"}],"curies":[{"name":"wp","href":"https:\/\/api.w.org\/{rel}","templated":true}]}}