{"id":20306,"date":"2024-10-11T17:08:38","date_gmt":"2024-10-11T23:08:38","guid":{"rendered":"https:\/\/gobernacionaltaverapaz.gob.gt\/?p=20306"},"modified":"2024-10-17T15:28:37","modified_gmt":"2024-10-17T21:28:37","slug":"acompanamiento-de-la-gobernadora-departamental-en-la-inauguracion-del-proyecto-educativo","status":"publish","type":"post","link":"https:\/\/gobernacionaltaverapaz.gob.gt\/?p=20306","title":{"rendered":"Acompa\u00f1amiento de la Gobernadora Departamental en la Inauguraci\u00f3n del Proyecto educativo"},"content":{"rendered":"<div class=\"xdj266r x11i5rnm xat24cr x1mh8g0r x1vvkbs x126k92a\">\n<div dir=\"auto\" style=\"text-align: justify;\">Con el acompa\u00f1amiento de la Gobernadora Departamental, este proyecto representa un gran paso hacia el desarrollo educativo de nuestros ni\u00f1os y j\u00f3venes.<\/div>\n<\/div>\n<div class=\"x11i5rnm xat24cr x1mh8g0r x1vvkbs xtlvy1s x126k92a\">\n<div dir=\"auto\" style=\"text-align: justify;\">La nueva infraestructura escolar, creada con mucho esfuerzo y dedicaci\u00f3n, ofrecer\u00e1 un espacio adecuado para la formaci\u00f3n y crecimiento de futuras generaciones.<\/div>\n<\/div>\n<p>&nbsp;<\/p>\n<div><\/div>\n","protected":false},"excerpt":{"rendered":"<p>Con el acompa\u00f1amiento de la Gobernadora Departamental, este proyecto representa un gran paso hacia el desarrollo educativo de nuestros ni\u00f1os y j\u00f3venes. La nueva infraestructura escolar, creada con mucho esfuerzo y dedicaci\u00f3n, ofrecer\u00e1 un espacio adecuado para la formaci\u00f3n y crecimiento de futuras generaciones. &nbsp;<\/p>\n","protected":false},"author":1,"featured_media":20301,"comment_status":"closed","ping_status":"open","sticky":false,"template":"","format":"gallery","meta":[],"categories":[183],"tags":[178],"_links":{"self":[{"href":"https:\/\/gobernacionaltaverapaz.gob.gt\/index.php?rest_route=\/wp\/v2\/posts\/20306"}],"collection":[{"href":"https:\/\/gobernacionaltaverapaz.gob.gt\/index.php?rest_route=\/wp\/v2\/posts"}],"about":[{"href":"https:\/\/gobernacionaltaverapaz.gob.gt\/index.php?rest_route=\/wp\/v2\/types\/post"}],"author":[{"embeddable":true,"href":"https:\/\/gobernacionaltaverapaz.gob.gt\/index.php?rest_route=\/wp\/v2\/users\/1"}],"replies":[{"embeddable":true,"href":"https:\/\/gobernacionaltaverapaz.gob.gt\/index.php?rest_route=%2Fwp%2Fv2%2Fcomments&post=20306"}],"version-history":[{"count":1,"href":"https:\/\/gobernacionaltaverapaz.gob.gt\/index.php?rest_route=\/wp\/v2\/posts\/20306\/revisions"}],"predecessor-version":[{"id":20307,"href":"https:\/\/gobernacionaltaverapaz.gob.gt\/index.php?rest_route=\/wp\/v2\/posts\/20306\/revisions\/20307"}],"wp:featuredmedia":[{"embeddable":true,"href":"https:\/\/gobernacionaltaverapaz.gob.gt\/index.php?rest_route=\/wp\/v2\/media\/20301"}],"wp:attachment":[{"href":"https:\/\/gobernacionaltaverapaz.gob.gt\/index.php?rest_route=%2Fwp%2Fv2%2Fmedia&parent=20306"}],"wp:term":[{"taxonomy":"category","embeddable":true,"href":"https:\/\/gobernacionaltaverapaz.gob.gt\/index.php?rest_route=%2Fwp%2Fv2%2Fcategories&post=20306"},{"taxonomy":"post_tag","embeddable":true,"href":"https:\/\/gobernacionaltaverapaz.gob.gt\/index.php?rest_route=%2Fwp%2Fv2%2Ftags&post=20306"}],"curies":[{"name":"wp","href":"https:\/\/api.w.org\/{rel}","templated":true}]}}