{"id":20367,"date":"2024-10-16T14:40:34","date_gmt":"2024-10-16T20:40:34","guid":{"rendered":"https:\/\/gobernacionaltaverapaz.gob.gt\/?p=20367"},"modified":"2024-10-17T16:08:24","modified_gmt":"2024-10-17T22:08:24","slug":"recibimos-la-visita-de-las-voceras-del-proyecto-ninas-seguras","status":"publish","type":"post","link":"https:\/\/gobernacionaltaverapaz.gob.gt\/?p=20367","title":{"rendered":"Recibimos la visita de las voceras del proyecto &#8220;Ni\u00f1as Seguras&#8221;"},"content":{"rendered":"<div class=\"html-div xdj266r x11i5rnm xat24cr x1mh8g0r xexx8yu x4uap5 x18d9i69 xkhd6sd\" dir=\"auto\">\n<div id=\":r1v:\" class=\"x1l90r2v x1pi30zi x1swvt13 x1iorvi4\" data-ad-comet-preview=\"message\" data-ad-preview=\"message\">\n<div class=\"x78zum5 xdt5ytf xz62fqu x16ldp7u\">\n<div class=\"xu06os2 x1ok221b\">\n<div class=\"xdj266r x11i5rnm xat24cr x1mh8g0r x1vvkbs x126k92a\">\n<div dir=\"auto\" style=\"text-align: justify;\">Hoy, 16 de octubre, recibimos la visita de las voceras del proyecto &#8220;Ni\u00f1as Seguras&#8221; de Plan Internacional. Este proyecto tiene como objetivo abordar las problem\u00e1ticas que enfrentan ni\u00f1as, adolescentes y j\u00f3venes mujeres en situaciones de crisis humanitarias o emergencias.<\/div>\n<\/div>\n<div class=\"x11i5rnm xat24cr x1mh8g0r x1vvkbs xtlvy1s x126k92a\">\n<div dir=\"auto\" style=\"text-align: justify;\">Durante la reuni\u00f3n, la se\u00f1ora Gobernadora particip\u00f3 resaltando la importancia de generar espacios seguros, proteger y empoderar a las ni\u00f1as en el departamento.<\/div>\n<\/div>\n<\/div>\n<\/div>\n<\/div>\n<\/div>\n<p>&nbsp;<\/p>\n<p>&nbsp;<\/p>\n<div><\/div>\n","protected":false},"excerpt":{"rendered":"<p>Hoy, 16 de octubre, recibimos la visita de las voceras del proyecto &#8220;Ni\u00f1as Seguras&#8221; de Plan Internacional. Este proyecto tiene como objetivo abordar las problem\u00e1ticas que enfrentan ni\u00f1as, adolescentes y j\u00f3venes mujeres en situaciones de crisis humanitarias o emergencias. Durante la reuni\u00f3n, la se\u00f1ora Gobernadora particip\u00f3 resaltando la importancia de generar espacios seguros, proteger y [&hellip;]<\/p>\n","protected":false},"author":1,"featured_media":20355,"comment_status":"closed","ping_status":"open","sticky":false,"template":"","format":"gallery","meta":[],"categories":[183],"tags":[178],"_links":{"self":[{"href":"https:\/\/gobernacionaltaverapaz.gob.gt\/index.php?rest_route=\/wp\/v2\/posts\/20367"}],"collection":[{"href":"https:\/\/gobernacionaltaverapaz.gob.gt\/index.php?rest_route=\/wp\/v2\/posts"}],"about":[{"href":"https:\/\/gobernacionaltaverapaz.gob.gt\/index.php?rest_route=\/wp\/v2\/types\/post"}],"author":[{"embeddable":true,"href":"https:\/\/gobernacionaltaverapaz.gob.gt\/index.php?rest_route=\/wp\/v2\/users\/1"}],"replies":[{"embeddable":true,"href":"https:\/\/gobernacionaltaverapaz.gob.gt\/index.php?rest_route=%2Fwp%2Fv2%2Fcomments&post=20367"}],"version-history":[{"count":1,"href":"https:\/\/gobernacionaltaverapaz.gob.gt\/index.php?rest_route=\/wp\/v2\/posts\/20367\/revisions"}],"predecessor-version":[{"id":20368,"href":"https:\/\/gobernacionaltaverapaz.gob.gt\/index.php?rest_route=\/wp\/v2\/posts\/20367\/revisions\/20368"}],"wp:featuredmedia":[{"embeddable":true,"href":"https:\/\/gobernacionaltaverapaz.gob.gt\/index.php?rest_route=\/wp\/v2\/media\/20355"}],"wp:attachment":[{"href":"https:\/\/gobernacionaltaverapaz.gob.gt\/index.php?rest_route=%2Fwp%2Fv2%2Fmedia&parent=20367"}],"wp:term":[{"taxonomy":"category","embeddable":true,"href":"https:\/\/gobernacionaltaverapaz.gob.gt\/index.php?rest_route=%2Fwp%2Fv2%2Fcategories&post=20367"},{"taxonomy":"post_tag","embeddable":true,"href":"https:\/\/gobernacionaltaverapaz.gob.gt\/index.php?rest_route=%2Fwp%2Fv2%2Ftags&post=20367"}],"curies":[{"name":"wp","href":"https:\/\/api.w.org\/{rel}","templated":true}]}}