{"id":20371,"date":"2024-10-19T19:21:17","date_gmt":"2024-10-20T01:21:17","guid":{"rendered":"https:\/\/gobernacionaltaverapaz.gob.gt\/?p=20371"},"modified":"2024-10-23T16:02:58","modified_gmt":"2024-10-23T22:02:58","slug":"reunion-del-consejo-departamental-para-la-reduccion-de-desastres-codred","status":"publish","type":"post","link":"https:\/\/gobernacionaltaverapaz.gob.gt\/?p=20371","title":{"rendered":"Reuni\u00f3n del Consejo Departamental para la Reducci\u00f3n de Desastres (CODRED)"},"content":{"rendered":"<p style=\"text-align: justify;\"><span class=\"x193iq5w xeuugli x13faqbe x1vvkbs x1xmvt09 x1lliihq x1s928wv xhkezso x1gmr53x x1cpjm7i x1fgarty x1943h6x xudqn12 x3x7a5m x6prxxf xvq8zen xo1l8bm xzsf02u x1yc453h\" dir=\"auto\">Las autoridades de Alta Verapaz han activado el Centro de Operaciones de Emergencia (COE) en respuesta a la Tormenta Tropical Nadine. La reuni\u00f3n del Consejo Departamental para la Reducci\u00f3n de Desastres (CODRED) ya est\u00e1 en marcha para coordinar acciones de prevenci\u00f3n.<\/span><\/p>\n<p>&nbsp;<\/p>\n<div><\/div>\n","protected":false},"excerpt":{"rendered":"<p>Las autoridades de Alta Verapaz han activado el Centro de Operaciones de Emergencia (COE) en respuesta a la Tormenta Tropical Nadine. La reuni\u00f3n del Consejo Departamental para la Reducci\u00f3n de Desastres (CODRED) ya est\u00e1 en marcha para coordinar acciones de prevenci\u00f3n. &nbsp;<\/p>\n","protected":false},"author":1,"featured_media":20372,"comment_status":"closed","ping_status":"open","sticky":false,"template":"","format":"gallery","meta":[],"categories":[183],"tags":[178],"_links":{"self":[{"href":"https:\/\/gobernacionaltaverapaz.gob.gt\/index.php?rest_route=\/wp\/v2\/posts\/20371"}],"collection":[{"href":"https:\/\/gobernacionaltaverapaz.gob.gt\/index.php?rest_route=\/wp\/v2\/posts"}],"about":[{"href":"https:\/\/gobernacionaltaverapaz.gob.gt\/index.php?rest_route=\/wp\/v2\/types\/post"}],"author":[{"embeddable":true,"href":"https:\/\/gobernacionaltaverapaz.gob.gt\/index.php?rest_route=\/wp\/v2\/users\/1"}],"replies":[{"embeddable":true,"href":"https:\/\/gobernacionaltaverapaz.gob.gt\/index.php?rest_route=%2Fwp%2Fv2%2Fcomments&post=20371"}],"version-history":[{"count":1,"href":"https:\/\/gobernacionaltaverapaz.gob.gt\/index.php?rest_route=\/wp\/v2\/posts\/20371\/revisions"}],"predecessor-version":[{"id":20373,"href":"https:\/\/gobernacionaltaverapaz.gob.gt\/index.php?rest_route=\/wp\/v2\/posts\/20371\/revisions\/20373"}],"wp:featuredmedia":[{"embeddable":true,"href":"https:\/\/gobernacionaltaverapaz.gob.gt\/index.php?rest_route=\/wp\/v2\/media\/20372"}],"wp:attachment":[{"href":"https:\/\/gobernacionaltaverapaz.gob.gt\/index.php?rest_route=%2Fwp%2Fv2%2Fmedia&parent=20371"}],"wp:term":[{"taxonomy":"category","embeddable":true,"href":"https:\/\/gobernacionaltaverapaz.gob.gt\/index.php?rest_route=%2Fwp%2Fv2%2Fcategories&post=20371"},{"taxonomy":"post_tag","embeddable":true,"href":"https:\/\/gobernacionaltaverapaz.gob.gt\/index.php?rest_route=%2Fwp%2Fv2%2Ftags&post=20371"}],"curies":[{"name":"wp","href":"https:\/\/api.w.org\/{rel}","templated":true}]}}