{"id":20478,"date":"2024-10-30T16:16:26","date_gmt":"2024-10-30T22:16:26","guid":{"rendered":"https:\/\/gobernacionaltaverapaz.gob.gt\/?p=20478"},"modified":"2024-10-30T17:21:59","modified_gmt":"2024-10-30T23:21:59","slug":"se-realiza-entrega-del-bono-social","status":"publish","type":"post","link":"https:\/\/gobernacionaltaverapaz.gob.gt\/?p=20478","title":{"rendered":"Entrega del Bono Social"},"content":{"rendered":"<p style=\"text-align: justify;\"><span class=\"x193iq5w xeuugli x13faqbe x1vvkbs x1xmvt09 x1lliihq x1s928wv xhkezso x1gmr53x x1cpjm7i x1fgarty x1943h6x xudqn12 x3x7a5m x6prxxf xvq8zen xo1l8bm xzsf02u x1yc453h\" dir=\"auto\">El Presidente Bernardo Ar\u00e9valo y el Ministro de Desarrollo Social, Abelardo Pinto, visitaron Senah\u00fa, Alta Verapaz, para entregar el Bono \u00danico, una ayuda de mil quetzales destinada a familias rurales en pobreza sin acceso a electricidad. J\u00f3venes del programa J\u00f3venes Protagonistas y beneficiarias de Beca Artesano dieron la bienvenida con muestras de su trabajo. Tambi\u00e9n participaron la Viceministra Bertha Zapeta, la Gobernadora Departamental, el alcalde Rolando Maquin y otras autoridades locales, en un evento que resalta el apoyo del gobierno a las comunidades vulnerables.<\/span><\/p>\n<p>&nbsp;<\/p>\n<div><\/div>\n<p>&nbsp;<\/p>\n<p>&nbsp;<\/p>\n<p><a href=\"https:\/\/www.facebook.com\/photo\/?fbid=981986250636253&amp;set=pcb.981998383968373\"><img decoding=\"async\" loading=\"lazy\" class=\"alignnone wp-image-20479 size-full\" title=\"Ver galer\u00eda en Facebook\" src=\"https:\/\/gobernacionaltaverapaz.gob.gt\/wp-content\/uploads\/2024\/10\/galeria-1.jpg\" alt=\"\" width=\"215\" height=\"71\" \/><\/a><\/p>\n<p>&nbsp;<\/p>\n","protected":false},"excerpt":{"rendered":"<p>El Presidente Bernardo Ar\u00e9valo y el Ministro de Desarrollo Social, Abelardo Pinto, visitaron Senah\u00fa, Alta Verapaz, para entregar el Bono \u00danico, una ayuda de mil quetzales destinada a familias rurales en pobreza sin acceso a electricidad. J\u00f3venes del programa J\u00f3venes Protagonistas y beneficiarias de Beca Artesano dieron la bienvenida con muestras de su trabajo. Tambi\u00e9n [&hellip;]<\/p>\n","protected":false},"author":1,"featured_media":20480,"comment_status":"closed","ping_status":"open","sticky":false,"template":"","format":"gallery","meta":[],"categories":[182],"tags":[178],"_links":{"self":[{"href":"https:\/\/gobernacionaltaverapaz.gob.gt\/index.php?rest_route=\/wp\/v2\/posts\/20478"}],"collection":[{"href":"https:\/\/gobernacionaltaverapaz.gob.gt\/index.php?rest_route=\/wp\/v2\/posts"}],"about":[{"href":"https:\/\/gobernacionaltaverapaz.gob.gt\/index.php?rest_route=\/wp\/v2\/types\/post"}],"author":[{"embeddable":true,"href":"https:\/\/gobernacionaltaverapaz.gob.gt\/index.php?rest_route=\/wp\/v2\/users\/1"}],"replies":[{"embeddable":true,"href":"https:\/\/gobernacionaltaverapaz.gob.gt\/index.php?rest_route=%2Fwp%2Fv2%2Fcomments&post=20478"}],"version-history":[{"count":2,"href":"https:\/\/gobernacionaltaverapaz.gob.gt\/index.php?rest_route=\/wp\/v2\/posts\/20478\/revisions"}],"predecessor-version":[{"id":20482,"href":"https:\/\/gobernacionaltaverapaz.gob.gt\/index.php?rest_route=\/wp\/v2\/posts\/20478\/revisions\/20482"}],"wp:featuredmedia":[{"embeddable":true,"href":"https:\/\/gobernacionaltaverapaz.gob.gt\/index.php?rest_route=\/wp\/v2\/media\/20480"}],"wp:attachment":[{"href":"https:\/\/gobernacionaltaverapaz.gob.gt\/index.php?rest_route=%2Fwp%2Fv2%2Fmedia&parent=20478"}],"wp:term":[{"taxonomy":"category","embeddable":true,"href":"https:\/\/gobernacionaltaverapaz.gob.gt\/index.php?rest_route=%2Fwp%2Fv2%2Fcategories&post=20478"},{"taxonomy":"post_tag","embeddable":true,"href":"https:\/\/gobernacionaltaverapaz.gob.gt\/index.php?rest_route=%2Fwp%2Fv2%2Ftags&post=20478"}],"curies":[{"name":"wp","href":"https:\/\/api.w.org\/{rel}","templated":true}]}}