{"id":20492,"date":"2024-10-31T09:46:14","date_gmt":"2024-10-31T15:46:14","guid":{"rendered":"https:\/\/gobernacionaltaverapaz.gob.gt\/?p=20492"},"modified":"2024-11-07T09:23:03","modified_gmt":"2024-11-07T15:23:03","slug":"reunion-del-consejo-de-coordinacion-agropecuario-departamental-coaped-2","status":"publish","type":"post","link":"https:\/\/gobernacionaltaverapaz.gob.gt\/?p=20492","title":{"rendered":"Reuni\u00f3n del Consejo de Coordinaci\u00f3n Agropecuario Departamental (COAPED)"},"content":{"rendered":"<div class=\"html-div xdj266r x11i5rnm xat24cr x1mh8g0r xexx8yu x4uap5 x18d9i69 xkhd6sd\" dir=\"auto\">\n<div class=\"html-div xdj266r x11i5rnm xat24cr x1mh8g0r xexx8yu x4uap5 x18d9i69 xkhd6sd\" data-ad-rendering-role=\"message\">\n<div id=\":rhm:\" class=\"x1l90r2v x1pi30zi x1swvt13 x1iorvi4\" data-ad-comet-preview=\"message\" data-ad-preview=\"message\">\n<div class=\"x78zum5 xdt5ytf xz62fqu x16ldp7u\">\n<div class=\"xu06os2 x1ok221b\">\n<div class=\"xdj266r x11i5rnm xat24cr x1mh8g0r x1vvkbs x126k92a\">\n<div dir=\"auto\" style=\"text-align: justify;\">En la reuni\u00f3n del Consejo de Coordinaci\u00f3n Agropecuario Departamental (COAPED) con el Ministerio de Agricultura, Ganader\u00eda y Alimentaci\u00f3n (MAGA) de Guatemala, participaron t\u00e9cnicos, extensionistas y profesionales de diversos proyectos de los viceministerios del MAGA para discutir asuntos clave del sector agropecuario.<\/div>\n<\/div>\n<div class=\"x11i5rnm xat24cr x1mh8g0r x1vvkbs xtlvy1s x126k92a\" style=\"text-align: justify;\">\n<div dir=\"auto\">Entre los temas abordados se incluyeron el control de enfermedades en ganado bovino y aves, la situaci\u00f3n de los incendios forestales, y las intervenciones realizadas por Extensi\u00f3n Rural.<\/div>\n<\/div>\n<div class=\"x11i5rnm xat24cr x1mh8g0r x1vvkbs xtlvy1s x126k92a\">\n<div dir=\"auto\" style=\"text-align: justify;\">Asimismo, se discutieron estrategias para aumentar la productividad y mejorar la calidad de los productos agr\u00edcolas y pecuarios, buscando garantizar el bienestar de agricultores y ganaderos locales.<\/div>\n<\/div>\n<\/div>\n<\/div>\n<\/div>\n<\/div>\n<\/div>\n<p>&nbsp;<\/p>\n<p>&nbsp;<\/p>\n<div><\/div>\n","protected":false},"excerpt":{"rendered":"<p>En la reuni\u00f3n del Consejo de Coordinaci\u00f3n Agropecuario Departamental (COAPED) con el Ministerio de Agricultura, Ganader\u00eda y Alimentaci\u00f3n (MAGA) de Guatemala, participaron t\u00e9cnicos, extensionistas y profesionales de diversos proyectos de los viceministerios del MAGA para discutir asuntos clave del sector agropecuario. Entre los temas abordados se incluyeron el control de enfermedades en ganado bovino y [&hellip;]<\/p>\n","protected":false},"author":1,"featured_media":20486,"comment_status":"closed","ping_status":"open","sticky":false,"template":"","format":"gallery","meta":[],"categories":[194],"tags":[178],"_links":{"self":[{"href":"https:\/\/gobernacionaltaverapaz.gob.gt\/index.php?rest_route=\/wp\/v2\/posts\/20492"}],"collection":[{"href":"https:\/\/gobernacionaltaverapaz.gob.gt\/index.php?rest_route=\/wp\/v2\/posts"}],"about":[{"href":"https:\/\/gobernacionaltaverapaz.gob.gt\/index.php?rest_route=\/wp\/v2\/types\/post"}],"author":[{"embeddable":true,"href":"https:\/\/gobernacionaltaverapaz.gob.gt\/index.php?rest_route=\/wp\/v2\/users\/1"}],"replies":[{"embeddable":true,"href":"https:\/\/gobernacionaltaverapaz.gob.gt\/index.php?rest_route=%2Fwp%2Fv2%2Fcomments&post=20492"}],"version-history":[{"count":1,"href":"https:\/\/gobernacionaltaverapaz.gob.gt\/index.php?rest_route=\/wp\/v2\/posts\/20492\/revisions"}],"predecessor-version":[{"id":20493,"href":"https:\/\/gobernacionaltaverapaz.gob.gt\/index.php?rest_route=\/wp\/v2\/posts\/20492\/revisions\/20493"}],"wp:featuredmedia":[{"embeddable":true,"href":"https:\/\/gobernacionaltaverapaz.gob.gt\/index.php?rest_route=\/wp\/v2\/media\/20486"}],"wp:attachment":[{"href":"https:\/\/gobernacionaltaverapaz.gob.gt\/index.php?rest_route=%2Fwp%2Fv2%2Fmedia&parent=20492"}],"wp:term":[{"taxonomy":"category","embeddable":true,"href":"https:\/\/gobernacionaltaverapaz.gob.gt\/index.php?rest_route=%2Fwp%2Fv2%2Fcategories&post=20492"},{"taxonomy":"post_tag","embeddable":true,"href":"https:\/\/gobernacionaltaverapaz.gob.gt\/index.php?rest_route=%2Fwp%2Fv2%2Ftags&post=20492"}],"curies":[{"name":"wp","href":"https:\/\/api.w.org\/{rel}","templated":true}]}}