{"id":20500,"date":"2024-11-08T08:23:31","date_gmt":"2024-11-08T14:23:31","guid":{"rendered":"https:\/\/gobernacionaltaverapaz.gob.gt\/?p=20500"},"modified":"2024-11-13T10:18:43","modified_gmt":"2024-11-13T16:18:43","slug":"elaboracion-de-una-agenda-territorial-en-seguridad-alimentaria-y-nutricional","status":"publish","type":"post","link":"https:\/\/gobernacionaltaverapaz.gob.gt\/?p=20500","title":{"rendered":"Elaboraci\u00f3n de una agenda territorial en Seguridad Alimentaria y Nutricional"},"content":{"rendered":"<div class=\"html-div xdj266r x11i5rnm xat24cr x1mh8g0r xexx8yu x4uap5 x18d9i69 xkhd6sd\" dir=\"auto\">\n<div class=\"html-div xdj266r x11i5rnm xat24cr x1mh8g0r xexx8yu x4uap5 x18d9i69 xkhd6sd\" data-ad-rendering-role=\"message\">\n<div id=\":r5t:\" class=\"x1l90r2v x1pi30zi x1swvt13 x1iorvi4\" data-ad-comet-preview=\"message\" data-ad-preview=\"message\">\n<div class=\"x78zum5 xdt5ytf xz62fqu x16ldp7u\">\n<div class=\"xu06os2 x1ok221b\">\n<div class=\"xdj266r x11i5rnm xat24cr x1mh8g0r x1vvkbs x126k92a\">\n<div dir=\"auto\" style=\"text-align: justify;\">Hoy, 8 de noviembre, se llev\u00f3 a cabo un taller liderado por la Secretar\u00eda de Coordinaci\u00f3n Ejecutiva de la Presidencia -SCEP- y la Secretar\u00eda de Seguridad Alimentaria y Nutricional de la Presidencia de la Rep\u00fablica -SESAN- Con la participaci\u00f3n de la Gobernadora Departamental de Alta Verapaz.<\/div>\n<\/div>\n<div class=\"x11i5rnm xat24cr x1mh8g0r x1vvkbs xtlvy1s x126k92a\">\n<div dir=\"auto\" style=\"text-align: justify;\">Cuyo objetivo fue avanzar en la elaboraci\u00f3n de una agenda territorial en Seguridad Alimentaria y Nutricional. Durante el taller, se present\u00f3 un an\u00e1lisis sobre el perfil de pobreza, nutrici\u00f3n y seguridad alimentaria de la regi\u00f3n, y se discutieron elementos clave para la articulaci\u00f3n sectorial y la creaci\u00f3n de mesas de trabajo interinstitucionales que permitan coordinar esfuerzos para mejorar las condiciones de vida en Alta Verapaz.<\/div>\n<\/div>\n<\/div>\n<\/div>\n<\/div>\n<\/div>\n<\/div>\n<p>&nbsp;<\/p>\n<div><\/div>\n","protected":false},"excerpt":{"rendered":"<p>Hoy, 8 de noviembre, se llev\u00f3 a cabo un taller liderado por la Secretar\u00eda de Coordinaci\u00f3n Ejecutiva de la Presidencia -SCEP- y la Secretar\u00eda de Seguridad Alimentaria y Nutricional de la Presidencia de la Rep\u00fablica -SESAN- Con la participaci\u00f3n de la Gobernadora Departamental de Alta Verapaz. Cuyo objetivo fue avanzar en la elaboraci\u00f3n de una [&hellip;]<\/p>\n","protected":false},"author":1,"featured_media":20502,"comment_status":"closed","ping_status":"open","sticky":false,"template":"","format":"gallery","meta":[],"categories":[183],"tags":[178],"_links":{"self":[{"href":"https:\/\/gobernacionaltaverapaz.gob.gt\/index.php?rest_route=\/wp\/v2\/posts\/20500"}],"collection":[{"href":"https:\/\/gobernacionaltaverapaz.gob.gt\/index.php?rest_route=\/wp\/v2\/posts"}],"about":[{"href":"https:\/\/gobernacionaltaverapaz.gob.gt\/index.php?rest_route=\/wp\/v2\/types\/post"}],"author":[{"embeddable":true,"href":"https:\/\/gobernacionaltaverapaz.gob.gt\/index.php?rest_route=\/wp\/v2\/users\/1"}],"replies":[{"embeddable":true,"href":"https:\/\/gobernacionaltaverapaz.gob.gt\/index.php?rest_route=%2Fwp%2Fv2%2Fcomments&post=20500"}],"version-history":[{"count":1,"href":"https:\/\/gobernacionaltaverapaz.gob.gt\/index.php?rest_route=\/wp\/v2\/posts\/20500\/revisions"}],"predecessor-version":[{"id":20501,"href":"https:\/\/gobernacionaltaverapaz.gob.gt\/index.php?rest_route=\/wp\/v2\/posts\/20500\/revisions\/20501"}],"wp:featuredmedia":[{"embeddable":true,"href":"https:\/\/gobernacionaltaverapaz.gob.gt\/index.php?rest_route=\/wp\/v2\/media\/20502"}],"wp:attachment":[{"href":"https:\/\/gobernacionaltaverapaz.gob.gt\/index.php?rest_route=%2Fwp%2Fv2%2Fmedia&parent=20500"}],"wp:term":[{"taxonomy":"category","embeddable":true,"href":"https:\/\/gobernacionaltaverapaz.gob.gt\/index.php?rest_route=%2Fwp%2Fv2%2Fcategories&post=20500"},{"taxonomy":"post_tag","embeddable":true,"href":"https:\/\/gobernacionaltaverapaz.gob.gt\/index.php?rest_route=%2Fwp%2Fv2%2Ftags&post=20500"}],"curies":[{"name":"wp","href":"https:\/\/api.w.org\/{rel}","templated":true}]}}