{"id":20514,"date":"2024-11-11T08:22:47","date_gmt":"2024-11-11T14:22:47","guid":{"rendered":"https:\/\/gobernacionaltaverapaz.gob.gt\/?p=20514"},"modified":"2024-11-13T10:33:47","modified_gmt":"2024-11-13T16:33:47","slug":"comedor-social-municipio-de-san-cristobal-verapaz","status":"publish","type":"post","link":"https:\/\/gobernacionaltaverapaz.gob.gt\/?p=20514","title":{"rendered":"COMEDOR SOCIAL Municipio de San Crist\u00f3bal Verapaz"},"content":{"rendered":"<div class=\"x11i5rnm xat24cr x1mh8g0r x1vvkbs xtlvy1s x126k92a\">\n<div dir=\"auto\" style=\"text-align: justify;\">Gracias al esfuerzo conjunto del Se\u00f1or Alcalde y su Concejo Municipal, y con el apoyo del MIDES, este programa est\u00e1 ahora al servicio de nuestra poblaci\u00f3n, con un enfoque especial en quienes m\u00e1s lo necesitan.<\/div>\n<\/div>\n<div class=\"x11i5rnm xat24cr x1mh8g0r x1vvkbs xtlvy1s x126k92a\" style=\"text-align: justify;\">\n<div dir=\"auto\">Horarios de Atenci\u00f3n:<\/div>\n<\/div>\n<div class=\"x11i5rnm xat24cr x1mh8g0r x1vvkbs xtlvy1s x126k92a\" style=\"text-align: justify;\">\n<div dir=\"auto\">Horarios de Atenci\u00f3n:<\/div>\n<\/div>\n<div class=\"x11i5rnm xat24cr x1mh8g0r x1vvkbs xtlvy1s x126k92a\" style=\"text-align: justify;\">\n<div dir=\"auto\">Desayuno: de 6:00 a 8:00 a.m.<\/div>\n<\/div>\n<div class=\"x11i5rnm xat24cr x1mh8g0r x1vvkbs xtlvy1s x126k92a\" style=\"text-align: justify;\">\n<div dir=\"auto\">Almuerzo: de 11:00 a 1:00 p.m.<\/div>\n<div dir=\"auto\"><\/div>\n<\/div>\n<div class=\"x11i5rnm xat24cr x1mh8g0r x1vvkbs xtlvy1s x126k92a\">\n<div dir=\"auto\" style=\"text-align: justify;\">Los men\u00fas se planifican con especial atenci\u00f3n a las necesidades de ni\u00f1os, mujeres embarazadas, madres lactantes, adultos mayores y personas con discapacidad, priorizando siempre la inclusi\u00f3n de porciones adecuadas y saludables.<\/div>\n<\/div>\n<p>&nbsp;<\/p>\n<p>&nbsp;<\/p>\n<div><\/div>\n<p>&nbsp;<\/p>\n<p>&nbsp;<\/p>\n<div><a href=\"https:\/\/www.facebook.com\/photo\/?fbid=991411556360389&amp;set=pcb.991411729693705\"><img decoding=\"async\" loading=\"lazy\" class=\"alignnone wp-image-20515 size-full\" title=\"Ver galer\u00eda en Facebook\" src=\"https:\/\/gobernacionaltaverapaz.gob.gt\/wp-content\/uploads\/2024\/11\/galeria.jpg\" alt=\"\" width=\"215\" height=\"71\" \/><\/a><\/div>\n","protected":false},"excerpt":{"rendered":"<p>Gracias al esfuerzo conjunto del Se\u00f1or Alcalde y su Concejo Municipal, y con el apoyo del MIDES, este programa est\u00e1 ahora al servicio de nuestra poblaci\u00f3n, con un enfoque especial en quienes m\u00e1s lo necesitan. Horarios de Atenci\u00f3n: Horarios de Atenci\u00f3n: Desayuno: de 6:00 a 8:00 a.m. Almuerzo: de 11:00 a 1:00 p.m. Los men\u00fas [&hellip;]<\/p>\n","protected":false},"author":1,"featured_media":20516,"comment_status":"closed","ping_status":"open","sticky":false,"template":"","format":"gallery","meta":[],"categories":[7],"tags":[178],"_links":{"self":[{"href":"https:\/\/gobernacionaltaverapaz.gob.gt\/index.php?rest_route=\/wp\/v2\/posts\/20514"}],"collection":[{"href":"https:\/\/gobernacionaltaverapaz.gob.gt\/index.php?rest_route=\/wp\/v2\/posts"}],"about":[{"href":"https:\/\/gobernacionaltaverapaz.gob.gt\/index.php?rest_route=\/wp\/v2\/types\/post"}],"author":[{"embeddable":true,"href":"https:\/\/gobernacionaltaverapaz.gob.gt\/index.php?rest_route=\/wp\/v2\/users\/1"}],"replies":[{"embeddable":true,"href":"https:\/\/gobernacionaltaverapaz.gob.gt\/index.php?rest_route=%2Fwp%2Fv2%2Fcomments&post=20514"}],"version-history":[{"count":1,"href":"https:\/\/gobernacionaltaverapaz.gob.gt\/index.php?rest_route=\/wp\/v2\/posts\/20514\/revisions"}],"predecessor-version":[{"id":20517,"href":"https:\/\/gobernacionaltaverapaz.gob.gt\/index.php?rest_route=\/wp\/v2\/posts\/20514\/revisions\/20517"}],"wp:featuredmedia":[{"embeddable":true,"href":"https:\/\/gobernacionaltaverapaz.gob.gt\/index.php?rest_route=\/wp\/v2\/media\/20516"}],"wp:attachment":[{"href":"https:\/\/gobernacionaltaverapaz.gob.gt\/index.php?rest_route=%2Fwp%2Fv2%2Fmedia&parent=20514"}],"wp:term":[{"taxonomy":"category","embeddable":true,"href":"https:\/\/gobernacionaltaverapaz.gob.gt\/index.php?rest_route=%2Fwp%2Fv2%2Fcategories&post=20514"},{"taxonomy":"post_tag","embeddable":true,"href":"https:\/\/gobernacionaltaverapaz.gob.gt\/index.php?rest_route=%2Fwp%2Fv2%2Ftags&post=20514"}],"curies":[{"name":"wp","href":"https:\/\/api.w.org\/{rel}","templated":true}]}}