{"id":20529,"date":"2024-11-12T16:29:17","date_gmt":"2024-11-12T22:29:17","guid":{"rendered":"https:\/\/gobernacionaltaverapaz.gob.gt\/?p=20529"},"modified":"2024-11-13T11:04:24","modified_gmt":"2024-11-13T17:04:24","slug":"recientemente-world-vision-guatemala-realizo-un-evento-significativo-en-el-injud","status":"publish","type":"post","link":"https:\/\/gobernacionaltaverapaz.gob.gt\/?p=20529","title":{"rendered":"Evento significativo en el INJUD, en el que participaron diversas comunidades, l\u00edderes locales y beneficiarios de los programas"},"content":{"rendered":"<div class=\"html-div xdj266r x11i5rnm xat24cr x1mh8g0r xexx8yu x4uap5 x18d9i69 xkhd6sd\" dir=\"auto\">\n<div class=\"html-div xdj266r x11i5rnm xat24cr x1mh8g0r xexx8yu x4uap5 x18d9i69 xkhd6sd\" data-ad-rendering-role=\"message\">\n<div id=\":r3g:\" class=\"x1l90r2v x1pi30zi x1swvt13 x1iorvi4\" data-ad-comet-preview=\"message\" data-ad-preview=\"message\">\n<div class=\"x78zum5 xdt5ytf xz62fqu x16ldp7u\">\n<div class=\"xu06os2 x1ok221b\">\n<div class=\"xdj266r x11i5rnm xat24cr x1mh8g0r x1vvkbs x126k92a\">\n<div dir=\"auto\" style=\"text-align: justify;\">Recientemente, World Visi\u00f3n Guatemala realiz\u00f3 un evento significativo en el INJUD, en el que participaron diversas comunidades, l\u00edderes locales y beneficiarios de los programas.<\/div>\n<\/div>\n<div class=\"x11i5rnm xat24cr x1mh8g0r x1vvkbs xtlvy1s x126k92a\" style=\"text-align: justify;\">\n<div dir=\"auto\">Durante el evento, se presentaron los logros alcanzados en las \u00e1reas de nutrici\u00f3n, educaci\u00f3n y protecci\u00f3n infantil. Tambi\u00e9n se resaltaron los Objetivos de Desarrollo Sostenible que la organizaci\u00f3n promueve en sus proyectos, especialmente en temas de salud, igualdad de g\u00e9nero y erradicaci\u00f3n de la pobreza.<\/div>\n<\/div>\n<div class=\"x11i5rnm xat24cr x1mh8g0r x1vvkbs xtlvy1s x126k92a\">\n<div dir=\"auto\" style=\"text-align: justify;\">World Vision es una organizaci\u00f3n humanitaria global que trabaja en m\u00e1s de 100 pa\u00edses, dedicada a la protecci\u00f3n de los derechos de los ni\u00f1os, la erradicaci\u00f3n de la pobreza y el desarrollo sostenible de las comunidades. Su misi\u00f3n es inspirar esperanza y generar cambios positivos en las vidas de personas vulnerables, especialmente ni\u00f1os y familias que viven en condiciones de pobreza extrema. En Guatemala, la organizaci\u00f3n se enfoca en proyectos que promuevan el bienestar infantil y familiar, asegurando un desarrollo integral y el acceso a oportunidades de crecimiento.<\/div>\n<\/div>\n<\/div>\n<\/div>\n<\/div>\n<\/div>\n<\/div>\n<p>&nbsp;<\/p>\n<p>&nbsp;<\/p>\n<div><\/div>\n<p>&nbsp;<\/p>\n<p>&nbsp;<\/p>\n<p>&nbsp;<\/p>\n<p><a href=\"https:\/\/www.facebook.com\/photo\/?fbid=991661183002093&amp;set=pcb.991666229668255\"><img decoding=\"async\" loading=\"lazy\" class=\"alignnone wp-image-20515 size-full\" title=\"Ver galer\u00eda en Facebook\" src=\"https:\/\/gobernacionaltaverapaz.gob.gt\/wp-content\/uploads\/2024\/11\/galeria.jpg\" alt=\"\" width=\"215\" height=\"71\" \/><\/a><\/p>\n","protected":false},"excerpt":{"rendered":"<p>Recientemente, World Visi\u00f3n Guatemala realiz\u00f3 un evento significativo en el INJUD, en el que participaron diversas comunidades, l\u00edderes locales y beneficiarios de los programas. Durante el evento, se presentaron los logros alcanzados en las \u00e1reas de nutrici\u00f3n, educaci\u00f3n y protecci\u00f3n infantil. Tambi\u00e9n se resaltaron los Objetivos de Desarrollo Sostenible que la organizaci\u00f3n promueve en sus [&hellip;]<\/p>\n","protected":false},"author":1,"featured_media":20518,"comment_status":"closed","ping_status":"open","sticky":false,"template":"","format":"gallery","meta":[],"categories":[183],"tags":[178],"_links":{"self":[{"href":"https:\/\/gobernacionaltaverapaz.gob.gt\/index.php?rest_route=\/wp\/v2\/posts\/20529"}],"collection":[{"href":"https:\/\/gobernacionaltaverapaz.gob.gt\/index.php?rest_route=\/wp\/v2\/posts"}],"about":[{"href":"https:\/\/gobernacionaltaverapaz.gob.gt\/index.php?rest_route=\/wp\/v2\/types\/post"}],"author":[{"embeddable":true,"href":"https:\/\/gobernacionaltaverapaz.gob.gt\/index.php?rest_route=\/wp\/v2\/users\/1"}],"replies":[{"embeddable":true,"href":"https:\/\/gobernacionaltaverapaz.gob.gt\/index.php?rest_route=%2Fwp%2Fv2%2Fcomments&post=20529"}],"version-history":[{"count":2,"href":"https:\/\/gobernacionaltaverapaz.gob.gt\/index.php?rest_route=\/wp\/v2\/posts\/20529\/revisions"}],"predecessor-version":[{"id":20531,"href":"https:\/\/gobernacionaltaverapaz.gob.gt\/index.php?rest_route=\/wp\/v2\/posts\/20529\/revisions\/20531"}],"wp:featuredmedia":[{"embeddable":true,"href":"https:\/\/gobernacionaltaverapaz.gob.gt\/index.php?rest_route=\/wp\/v2\/media\/20518"}],"wp:attachment":[{"href":"https:\/\/gobernacionaltaverapaz.gob.gt\/index.php?rest_route=%2Fwp%2Fv2%2Fmedia&parent=20529"}],"wp:term":[{"taxonomy":"category","embeddable":true,"href":"https:\/\/gobernacionaltaverapaz.gob.gt\/index.php?rest_route=%2Fwp%2Fv2%2Fcategories&post=20529"},{"taxonomy":"post_tag","embeddable":true,"href":"https:\/\/gobernacionaltaverapaz.gob.gt\/index.php?rest_route=%2Fwp%2Fv2%2Ftags&post=20529"}],"curies":[{"name":"wp","href":"https:\/\/api.w.org\/{rel}","templated":true}]}}