{"id":20569,"date":"2024-11-14T12:59:52","date_gmt":"2024-11-14T18:59:52","guid":{"rendered":"https:\/\/gobernacionaltaverapaz.gob.gt\/?p=20569"},"modified":"2024-11-19T09:49:40","modified_gmt":"2024-11-19T15:49:40","slug":"palacio-de-gobernacion-recibio-a-un-grupo-de-mujeres-emprendedoras-y-tejedoras-de-las-comunidades-de-san-pedro-carcha","status":"publish","type":"post","link":"https:\/\/gobernacionaltaverapaz.gob.gt\/?p=20569","title":{"rendered":"Palacio de Gobernaci\u00f3n recibi\u00f3 a un grupo de mujeres emprendedoras y tejedoras de las comunidades de San Pedro Carch\u00e1"},"content":{"rendered":"<div class=\"xdj266r x11i5rnm xat24cr x1mh8g0r x1vvkbs x126k92a\">\n<div dir=\"auto\" style=\"text-align: justify;\">Hoy, 14 de noviembre, el Palacio de Gobernaci\u00f3n recibi\u00f3 a un grupo de mujeres emprendedoras y tejedoras de las comunidades de San Pedro Carch\u00e1. Acompa\u00f1adas por la gobernadora, participaron en un enriquecedor di\u00e1logo de intercambio de experiencias, compartiendo sus conocimientos y desaf\u00edos en el arte del tejido y el emprendimiento.<\/div>\n<\/div>\n<div class=\"x11i5rnm xat24cr x1mh8g0r x1vvkbs xtlvy1s x126k92a\">\n<div dir=\"auto\" style=\"text-align: justify;\">Este encuentro destaca el valor de la cultura y el trabajo artesanal como motor de desarrollo y empoderamiento en nuestras comunidades.<\/div>\n<\/div>\n<p>&nbsp;<\/p>\n<div><\/div>\n<p>&nbsp;<\/p>\n<p>&nbsp;<\/p>\n<p><a href=\"https:\/\/www.facebook.com\/photo\/?fbid=992980976203447&amp;set=pcb.992988179536060\"><img decoding=\"async\" loading=\"lazy\" class=\"alignnone wp-image-20515 size-full\" title=\"Ver galer\u00eda en Facebook\" src=\"https:\/\/gobernacionaltaverapaz.gob.gt\/wp-content\/uploads\/2024\/11\/galeria.jpg\" alt=\"\" width=\"215\" height=\"71\" \/><\/a><\/p>\n","protected":false},"excerpt":{"rendered":"<p>Hoy, 14 de noviembre, el Palacio de Gobernaci\u00f3n recibi\u00f3 a un grupo de mujeres emprendedoras y tejedoras de las comunidades de San Pedro Carch\u00e1. Acompa\u00f1adas por la gobernadora, participaron en un enriquecedor di\u00e1logo de intercambio de experiencias, compartiendo sus conocimientos y desaf\u00edos en el arte del tejido y el emprendimiento. Este encuentro destaca el valor [&hellip;]<\/p>\n","protected":false},"author":1,"featured_media":20570,"comment_status":"closed","ping_status":"open","sticky":false,"template":"","format":"gallery","meta":[],"categories":[183],"tags":[178],"_links":{"self":[{"href":"https:\/\/gobernacionaltaverapaz.gob.gt\/index.php?rest_route=\/wp\/v2\/posts\/20569"}],"collection":[{"href":"https:\/\/gobernacionaltaverapaz.gob.gt\/index.php?rest_route=\/wp\/v2\/posts"}],"about":[{"href":"https:\/\/gobernacionaltaverapaz.gob.gt\/index.php?rest_route=\/wp\/v2\/types\/post"}],"author":[{"embeddable":true,"href":"https:\/\/gobernacionaltaverapaz.gob.gt\/index.php?rest_route=\/wp\/v2\/users\/1"}],"replies":[{"embeddable":true,"href":"https:\/\/gobernacionaltaverapaz.gob.gt\/index.php?rest_route=%2Fwp%2Fv2%2Fcomments&post=20569"}],"version-history":[{"count":1,"href":"https:\/\/gobernacionaltaverapaz.gob.gt\/index.php?rest_route=\/wp\/v2\/posts\/20569\/revisions"}],"predecessor-version":[{"id":20571,"href":"https:\/\/gobernacionaltaverapaz.gob.gt\/index.php?rest_route=\/wp\/v2\/posts\/20569\/revisions\/20571"}],"wp:featuredmedia":[{"embeddable":true,"href":"https:\/\/gobernacionaltaverapaz.gob.gt\/index.php?rest_route=\/wp\/v2\/media\/20570"}],"wp:attachment":[{"href":"https:\/\/gobernacionaltaverapaz.gob.gt\/index.php?rest_route=%2Fwp%2Fv2%2Fmedia&parent=20569"}],"wp:term":[{"taxonomy":"category","embeddable":true,"href":"https:\/\/gobernacionaltaverapaz.gob.gt\/index.php?rest_route=%2Fwp%2Fv2%2Fcategories&post=20569"},{"taxonomy":"post_tag","embeddable":true,"href":"https:\/\/gobernacionaltaverapaz.gob.gt\/index.php?rest_route=%2Fwp%2Fv2%2Ftags&post=20569"}],"curies":[{"name":"wp","href":"https:\/\/api.w.org\/{rel}","templated":true}]}}