{"id":20581,"date":"2024-11-14T17:31:12","date_gmt":"2024-11-14T23:31:12","guid":{"rendered":"https:\/\/gobernacionaltaverapaz.gob.gt\/?p=20581"},"modified":"2024-11-19T09:56:43","modified_gmt":"2024-11-19T15:56:43","slug":"gobernacion-departamental-de-alta-verapaz-recibio-hoy-la-visita-del-embajador-de-alemania-en-guatemala-el-dr-hardy-boeckle","status":"publish","type":"post","link":"https:\/\/gobernacionaltaverapaz.gob.gt\/?p=20581","title":{"rendered":"Gobernaci\u00f3n Departamental de Alta Verapaz recibi\u00f3 hoy la visita del embajador de Alemania en Guatemala, el Dr. Hardy Boeckle"},"content":{"rendered":"<p style=\"text-align: justify;\"><span class=\"x193iq5w xeuugli x13faqbe x1vvkbs x1xmvt09 x1lliihq x1s928wv xhkezso x1gmr53x x1cpjm7i x1fgarty x1943h6x xudqn12 x3x7a5m x6prxxf xvq8zen xo1l8bm xzsf02u x1yc453h\" dir=\"auto\">En su reuni\u00f3n con la se\u00f1ora Gobernadora, se dialog\u00f3 sobre temas de cooperaci\u00f3n y fortalecimiento institucional, enfoc\u00e1ndose en oportunidades de apoyo mutuo que impulsen el desarrollo en la regi\u00f3n.<\/span><\/p>\n<p>&nbsp;<\/p>\n<div><\/div>\n","protected":false},"excerpt":{"rendered":"<p>En su reuni\u00f3n con la se\u00f1ora Gobernadora, se dialog\u00f3 sobre temas de cooperaci\u00f3n y fortalecimiento institucional, enfoc\u00e1ndose en oportunidades de apoyo mutuo que impulsen el desarrollo en la regi\u00f3n. &nbsp;<\/p>\n","protected":false},"author":1,"featured_media":20582,"comment_status":"closed","ping_status":"open","sticky":false,"template":"","format":"gallery","meta":[],"categories":[183],"tags":[178],"_links":{"self":[{"href":"https:\/\/gobernacionaltaverapaz.gob.gt\/index.php?rest_route=\/wp\/v2\/posts\/20581"}],"collection":[{"href":"https:\/\/gobernacionaltaverapaz.gob.gt\/index.php?rest_route=\/wp\/v2\/posts"}],"about":[{"href":"https:\/\/gobernacionaltaverapaz.gob.gt\/index.php?rest_route=\/wp\/v2\/types\/post"}],"author":[{"embeddable":true,"href":"https:\/\/gobernacionaltaverapaz.gob.gt\/index.php?rest_route=\/wp\/v2\/users\/1"}],"replies":[{"embeddable":true,"href":"https:\/\/gobernacionaltaverapaz.gob.gt\/index.php?rest_route=%2Fwp%2Fv2%2Fcomments&post=20581"}],"version-history":[{"count":1,"href":"https:\/\/gobernacionaltaverapaz.gob.gt\/index.php?rest_route=\/wp\/v2\/posts\/20581\/revisions"}],"predecessor-version":[{"id":20583,"href":"https:\/\/gobernacionaltaverapaz.gob.gt\/index.php?rest_route=\/wp\/v2\/posts\/20581\/revisions\/20583"}],"wp:featuredmedia":[{"embeddable":true,"href":"https:\/\/gobernacionaltaverapaz.gob.gt\/index.php?rest_route=\/wp\/v2\/media\/20582"}],"wp:attachment":[{"href":"https:\/\/gobernacionaltaverapaz.gob.gt\/index.php?rest_route=%2Fwp%2Fv2%2Fmedia&parent=20581"}],"wp:term":[{"taxonomy":"category","embeddable":true,"href":"https:\/\/gobernacionaltaverapaz.gob.gt\/index.php?rest_route=%2Fwp%2Fv2%2Fcategories&post=20581"},{"taxonomy":"post_tag","embeddable":true,"href":"https:\/\/gobernacionaltaverapaz.gob.gt\/index.php?rest_route=%2Fwp%2Fv2%2Ftags&post=20581"}],"curies":[{"name":"wp","href":"https:\/\/api.w.org\/{rel}","templated":true}]}}