{"id":20609,"date":"2024-11-15T13:45:25","date_gmt":"2024-11-15T19:45:25","guid":{"rendered":"https:\/\/gobernacionaltaverapaz.gob.gt\/?p=20609"},"modified":"2024-11-19T10:48:07","modified_gmt":"2024-11-19T16:48:07","slug":"taller-de-fortalecimiento-a-la-gestion-municipal-y-la-administracion-de-proyectos-en-el-sistema-de-consejos-de-desarrollo","status":"publish","type":"post","link":"https:\/\/gobernacionaltaverapaz.gob.gt\/?p=20609","title":{"rendered":"Taller de Fortalecimiento a la Gesti\u00f3n Municipal y la Administraci\u00f3n de Proyectos en el Sistema de Consejos de Desarrollo"},"content":{"rendered":"<div class=\"xdj266r x11i5rnm xat24cr x1mh8g0r x1vvkbs x126k92a\"><\/div>\n<div class=\"html-div xdj266r x11i5rnm xat24cr x1mh8g0r xexx8yu x4uap5 x18d9i69 xkhd6sd\" dir=\"auto\">\n<div class=\"html-div xdj266r x11i5rnm xat24cr x1mh8g0r xexx8yu x4uap5 x18d9i69 xkhd6sd\" data-ad-rendering-role=\"message\">\n<div id=\":rde:\" class=\"x1l90r2v x1pi30zi x1swvt13 x1iorvi4\" data-ad-comet-preview=\"message\" data-ad-preview=\"message\">\n<div class=\"x78zum5 xdt5ytf xz62fqu x16ldp7u\">\n<div class=\"xu06os2 x1ok221b\">\n<div class=\"xdj266r x11i5rnm xat24cr x1mh8g0r x1vvkbs x126k92a\">\n<div dir=\"auto\" style=\"text-align: justify;\">Este viernes 15 de noviembre se realiz\u00f3 en el Sal\u00f3n de Las Am\u00e9ricas de la Gobernaci\u00f3n Departamental de Alta Verapaz un Taller de Fortalecimiento a la Gesti\u00f3n Municipal y la Administraci\u00f3n de Proyectos en el Sistema de Consejos de Desarrollo, dirigido a las 17 municipalidades del departamento.<\/div>\n<\/div>\n<div class=\"x11i5rnm xat24cr x1mh8g0r x1vvkbs xtlvy1s x126k92a\" style=\"text-align: justify;\">\n<div dir=\"auto\">La Gobernadora Dilia Margarita C\u00f3 Coy destac\u00f3 que este taller es clave para fortalecer las capacidades de los equipos municipales, especialmente para mejorar la planificaci\u00f3n presupuestaria y la ejecuci\u00f3n de proyectos. Por su parte, el Ing. Otto Erwin Chavarr\u00eda del INAP se\u00f1al\u00f3 que el objetivo es agilizar la aprobaci\u00f3n de proyectos y garantizar una ejecuci\u00f3n de calidad.<\/div>\n<\/div>\n<div class=\"x11i5rnm xat24cr x1mh8g0r x1vvkbs xtlvy1s x126k92a\" style=\"text-align: justify;\">\n<div dir=\"auto\">2 alcaldes est\u00e1n en su segundo mandato en la administraci\u00f3n municipal, los otros 15 alcaldes est\u00e1n en su primer mandato, este esfuerzo busca mejorar la gesti\u00f3n municipal en beneficio de la poblaci\u00f3n de Alta Verapaz y minimizar las obras de arrastre.<\/div>\n<\/div>\n<div class=\"x11i5rnm xat24cr x1mh8g0r x1vvkbs xtlvy1s x126k92a\">\n<div dir=\"auto\" style=\"text-align: justify;\">Los participantes expresaron su satisfacci\u00f3n y el compromiso de aplicar los conocimientos adquiridos.<\/div>\n<\/div>\n<div class=\"x11i5rnm xat24cr x1mh8g0r x1vvkbs xtlvy1s x126k92a\">\n<div dir=\"auto\"><span class=\"html-span xdj266r x11i5rnm xat24cr x1mh8g0r xexx8yu x4uap5 x18d9i69 xkhd6sd x1hl2dhg x16tdsg8 x1vvkbs\"><a class=\"x1i10hfl xjbqb8w x1ejq31n xd10rxx x1sy0etr x17r0tee x972fbf xcfux6l x1qhh985 xm0m39n x9f619 x1ypdohk xt0psk2 xe8uvvx xdj266r x11i5rnm xat24cr x1mh8g0r xexx8yu x4uap5 x18d9i69 xkhd6sd x16tdsg8 x1hl2dhg xggy1nq x1a2a7pz x1sur9pj xkrqix3 x1fey0fg x1s688f\" tabindex=\"0\" role=\"link\" href=\"https:\/\/www.facebook.com\/hashtag\/codedeav?__eep__=6&amp;__cft__[0]=AZXXsvK6xT-w8rjR9KWOFgux6ZK3eILmkm5vJ_JRPs5q8SYDSCFRpGiQzbxUaewPLwvnDrtzCxgVAQ3n3CpojUHgbXM6JYhlbDFVWPiyw4Z2cPkRc1lVTFXvMEHX92cFCMheqvtTOlJ2BhsgBgiGk8dC517Rld4rc9BPnAetVV4N-pHo2D9uFtYYtyJwvoUJhqE&amp;__tn__=*NK-R\">#CODEDEAV<\/a><\/span> <span class=\"html-span xdj266r x11i5rnm xat24cr x1mh8g0r xexx8yu x4uap5 x18d9i69 xkhd6sd x1hl2dhg x16tdsg8 x1vvkbs\"><a class=\"x1i10hfl xjbqb8w x1ejq31n xd10rxx x1sy0etr x17r0tee x972fbf xcfux6l x1qhh985 xm0m39n x9f619 x1ypdohk xt0psk2 xe8uvvx xdj266r x11i5rnm xat24cr x1mh8g0r xexx8yu x4uap5 x18d9i69 xkhd6sd x16tdsg8 x1hl2dhg xggy1nq x1a2a7pz x1sur9pj xkrqix3 x1fey0fg x1s688f\" tabindex=\"0\" role=\"link\" href=\"https:\/\/www.facebook.com\/INAPGuatemalaCA?__cft__[0]=AZXXsvK6xT-w8rjR9KWOFgux6ZK3eILmkm5vJ_JRPs5q8SYDSCFRpGiQzbxUaewPLwvnDrtzCxgVAQ3n3CpojUHgbXM6JYhlbDFVWPiyw4Z2cPkRc1lVTFXvMEHX92cFCMheqvtTOlJ2BhsgBgiGk8dC517Rld4rc9BPnAetVV4N-pHo2D9uFtYYtyJwvoUJhqE&amp;__tn__=-]K-R\"><span class=\"xt0psk2\">INAP Guatemala<\/span><\/a><\/span> <span class=\"html-span xdj266r x11i5rnm xat24cr x1mh8g0r xexx8yu x4uap5 x18d9i69 xkhd6sd x1hl2dhg x16tdsg8 x1vvkbs\"><a class=\"x1i10hfl xjbqb8w x1ejq31n xd10rxx x1sy0etr x17r0tee x972fbf xcfux6l x1qhh985 xm0m39n x9f619 x1ypdohk xt0psk2 xe8uvvx xdj266r x11i5rnm xat24cr x1mh8g0r xexx8yu x4uap5 x18d9i69 xkhd6sd x16tdsg8 x1hl2dhg xggy1nq x1a2a7pz x1sur9pj xkrqix3 x1fey0fg x1s688f\" tabindex=\"0\" role=\"link\" href=\"https:\/\/www.facebook.com\/codede.av?__cft__[0]=AZXXsvK6xT-w8rjR9KWOFgux6ZK3eILmkm5vJ_JRPs5q8SYDSCFRpGiQzbxUaewPLwvnDrtzCxgVAQ3n3CpojUHgbXM6JYhlbDFVWPiyw4Z2cPkRc1lVTFXvMEHX92cFCMheqvtTOlJ2BhsgBgiGk8dC517Rld4rc9BPnAetVV4N-pHo2D9uFtYYtyJwvoUJhqE&amp;__tn__=-]K-R\"><span class=\"xt0psk2\">Codede AV<\/span><\/a><\/span><\/div>\n<\/div>\n<\/div>\n<\/div>\n<\/div>\n<\/div>\n<\/div>\n<p>&nbsp;<\/p>\n<div><\/div>\n","protected":false},"excerpt":{"rendered":"<p>Este viernes 15 de noviembre se realiz\u00f3 en el Sal\u00f3n de Las Am\u00e9ricas de la Gobernaci\u00f3n Departamental de Alta Verapaz un Taller de Fortalecimiento a la Gesti\u00f3n Municipal y la Administraci\u00f3n de Proyectos en el Sistema de Consejos de Desarrollo, dirigido a las 17 municipalidades del departamento. La Gobernadora Dilia Margarita C\u00f3 Coy destac\u00f3 que [&hellip;]<\/p>\n","protected":false},"author":1,"featured_media":20610,"comment_status":"closed","ping_status":"open","sticky":false,"template":"","format":"gallery","meta":[],"categories":[194],"tags":[178],"_links":{"self":[{"href":"https:\/\/gobernacionaltaverapaz.gob.gt\/index.php?rest_route=\/wp\/v2\/posts\/20609"}],"collection":[{"href":"https:\/\/gobernacionaltaverapaz.gob.gt\/index.php?rest_route=\/wp\/v2\/posts"}],"about":[{"href":"https:\/\/gobernacionaltaverapaz.gob.gt\/index.php?rest_route=\/wp\/v2\/types\/post"}],"author":[{"embeddable":true,"href":"https:\/\/gobernacionaltaverapaz.gob.gt\/index.php?rest_route=\/wp\/v2\/users\/1"}],"replies":[{"embeddable":true,"href":"https:\/\/gobernacionaltaverapaz.gob.gt\/index.php?rest_route=%2Fwp%2Fv2%2Fcomments&post=20609"}],"version-history":[{"count":1,"href":"https:\/\/gobernacionaltaverapaz.gob.gt\/index.php?rest_route=\/wp\/v2\/posts\/20609\/revisions"}],"predecessor-version":[{"id":20611,"href":"https:\/\/gobernacionaltaverapaz.gob.gt\/index.php?rest_route=\/wp\/v2\/posts\/20609\/revisions\/20611"}],"wp:featuredmedia":[{"embeddable":true,"href":"https:\/\/gobernacionaltaverapaz.gob.gt\/index.php?rest_route=\/wp\/v2\/media\/20610"}],"wp:attachment":[{"href":"https:\/\/gobernacionaltaverapaz.gob.gt\/index.php?rest_route=%2Fwp%2Fv2%2Fmedia&parent=20609"}],"wp:term":[{"taxonomy":"category","embeddable":true,"href":"https:\/\/gobernacionaltaverapaz.gob.gt\/index.php?rest_route=%2Fwp%2Fv2%2Fcategories&post=20609"},{"taxonomy":"post_tag","embeddable":true,"href":"https:\/\/gobernacionaltaverapaz.gob.gt\/index.php?rest_route=%2Fwp%2Fv2%2Ftags&post=20609"}],"curies":[{"name":"wp","href":"https:\/\/api.w.org\/{rel}","templated":true}]}}