{"id":20634,"date":"2024-11-17T16:45:07","date_gmt":"2024-11-17T22:45:07","guid":{"rendered":"https:\/\/gobernacionaltaverapaz.gob.gt\/?p=20634"},"modified":"2024-11-19T11:34:42","modified_gmt":"2024-11-19T17:34:42","slug":"insivumeh-informa-que-la-tormenta-tropical-sara-ya-se-ha-degradado-a-depresion-tropical","status":"publish","type":"post","link":"https:\/\/gobernacionaltaverapaz.gob.gt\/?p=20634","title":{"rendered":"Medidas de prevenci\u00f3n y monitoreo de INSIVUMEH por la Tormenta Tropical Sara"},"content":{"rendered":"<div class=\"xdj266r x11i5rnm xat24cr x1mh8g0r x1vvkbs x126k92a\">\n<div dir=\"auto\" style=\"text-align: justify;\">El INSIVUMEH informa que la Tormenta Tropical Sara ya se ha degradado a Depresi\u00f3n Tropical, hay alta nubosidad producto de los remanentes de la tormenta y se esperan lluvias intermitentes durante las siguientes 24 horas, que se espera que tengan menos acumulados de humedad el martes, pero se espera que aumenten las lluvias el mi\u00e9rcoles por la llegada de un frente fr\u00edo.<\/div>\n<\/div>\n<div class=\"x11i5rnm xat24cr x1mh8g0r x1vvkbs xtlvy1s x126k92a\" style=\"text-align: justify;\">\n<div dir=\"auto\">Los suelos tienen actualmente una saturaci\u00f3n del 75% por lo que se proyecta que los r\u00edos aumentar\u00e1n su cauce el domingo y lunes pero a partir de la noche<\/div>\n<\/div>\n<div class=\"x11i5rnm xat24cr x1mh8g0r x1vvkbs xtlvy1s x126k92a\" style=\"text-align: justify;\">\n<div dir=\"auto\">Habilitado el Albergue del Calvario por el fr\u00edo, una persona de Chajxucub albergada por motivo de las lluvias y no se ha activado ning\u00fan albergue en los otros 16 municipios.<\/div>\n<\/div>\n<div class=\"x11i5rnm xat24cr x1mh8g0r x1vvkbs xtlvy1s x126k92a\" style=\"text-align: justify;\">\n<div dir=\"auto\">La Direcci\u00f3n General de Caminos zona vial 7 informa que tiene maquinaria propia y de la Sexta Brigada del MINDEF en apresto para atender emergencias que surjan por deslizamientos en carreteras.<\/div>\n<\/div>\n<div class=\"x11i5rnm xat24cr x1mh8g0r x1vvkbs xtlvy1s x126k92a\" style=\"text-align: justify;\">\n<div dir=\"auto\">Toda la coordinaci\u00f3n institucional ha estado a cargo de la CODRED que ha elaborado un inventario de equipo de emergencia, veh\u00edculos, personas de las instituciones que est\u00e1n en apresto en caso de atender emergencias y el Plan de Acci\u00f3n respectivo.<\/div>\n<\/div>\n<div class=\"x11i5rnm xat24cr x1mh8g0r x1vvkbs xtlvy1s x126k92a\">\n<div dir=\"auto\" style=\"text-align: justify;\">Se le extiende la recomendaci\u00f3n a la poblaci\u00f3n para que mantenga las precauciones respectivas ya que a\u00fan se encuentra la Alerta Anaranjada Institucional.<\/div>\n<\/div>\n<p>&nbsp;<\/p>\n<div><\/div>\n<p>&nbsp;<\/p>\n","protected":false},"excerpt":{"rendered":"<p>El INSIVUMEH informa que la Tormenta Tropical Sara ya se ha degradado a Depresi\u00f3n Tropical, hay alta nubosidad producto de los remanentes de la tormenta y se esperan lluvias intermitentes durante las siguientes 24 horas, que se espera que tengan menos acumulados de humedad el martes, pero se espera que aumenten las lluvias el mi\u00e9rcoles [&hellip;]<\/p>\n","protected":false},"author":1,"featured_media":20635,"comment_status":"closed","ping_status":"open","sticky":false,"template":"","format":"gallery","meta":[],"categories":[194],"tags":[178],"_links":{"self":[{"href":"https:\/\/gobernacionaltaverapaz.gob.gt\/index.php?rest_route=\/wp\/v2\/posts\/20634"}],"collection":[{"href":"https:\/\/gobernacionaltaverapaz.gob.gt\/index.php?rest_route=\/wp\/v2\/posts"}],"about":[{"href":"https:\/\/gobernacionaltaverapaz.gob.gt\/index.php?rest_route=\/wp\/v2\/types\/post"}],"author":[{"embeddable":true,"href":"https:\/\/gobernacionaltaverapaz.gob.gt\/index.php?rest_route=\/wp\/v2\/users\/1"}],"replies":[{"embeddable":true,"href":"https:\/\/gobernacionaltaverapaz.gob.gt\/index.php?rest_route=%2Fwp%2Fv2%2Fcomments&post=20634"}],"version-history":[{"count":3,"href":"https:\/\/gobernacionaltaverapaz.gob.gt\/index.php?rest_route=\/wp\/v2\/posts\/20634\/revisions"}],"predecessor-version":[{"id":20638,"href":"https:\/\/gobernacionaltaverapaz.gob.gt\/index.php?rest_route=\/wp\/v2\/posts\/20634\/revisions\/20638"}],"wp:featuredmedia":[{"embeddable":true,"href":"https:\/\/gobernacionaltaverapaz.gob.gt\/index.php?rest_route=\/wp\/v2\/media\/20635"}],"wp:attachment":[{"href":"https:\/\/gobernacionaltaverapaz.gob.gt\/index.php?rest_route=%2Fwp%2Fv2%2Fmedia&parent=20634"}],"wp:term":[{"taxonomy":"category","embeddable":true,"href":"https:\/\/gobernacionaltaverapaz.gob.gt\/index.php?rest_route=%2Fwp%2Fv2%2Fcategories&post=20634"},{"taxonomy":"post_tag","embeddable":true,"href":"https:\/\/gobernacionaltaverapaz.gob.gt\/index.php?rest_route=%2Fwp%2Fv2%2Ftags&post=20634"}],"curies":[{"name":"wp","href":"https:\/\/api.w.org\/{rel}","templated":true}]}}