{"id":20649,"date":"2024-11-19T08:48:10","date_gmt":"2024-11-19T14:48:10","guid":{"rendered":"https:\/\/gobernacionaltaverapaz.gob.gt\/?p=20649"},"modified":"2024-11-19T11:57:59","modified_gmt":"2024-11-19T17:57:59","slug":"mides-guatemala-ha-inaugurado-dos-nuevos-comedores-sociales-uno-en-tucuru-alta-verapaz-y-otro-en-cajola-quetzaltenango","status":"publish","type":"post","link":"https:\/\/gobernacionaltaverapaz.gob.gt\/?p=20649","title":{"rendered":"Mides Guatemala ha inaugurado dos nuevos Comedores Sociales, uno en Tucur\u00fa, Alta Verapaz y otro en Cajol\u00e1, Quetzaltenango"},"content":{"rendered":"<div class=\"xdj266r x11i5rnm xat24cr x1mh8g0r x1vvkbs x126k92a\">\n<div dir=\"auto\" style=\"text-align: justify;\">El <span class=\"html-span xdj266r x11i5rnm xat24cr x1mh8g0r xexx8yu x4uap5 x18d9i69 xkhd6sd x1hl2dhg x16tdsg8 x1vvkbs\"><a class=\"x1i10hfl xjbqb8w x1ejq31n xd10rxx x1sy0etr x17r0tee x972fbf xcfux6l x1qhh985 xm0m39n x9f619 x1ypdohk xt0psk2 xe8uvvx xdj266r x11i5rnm xat24cr x1mh8g0r xexx8yu x4uap5 x18d9i69 xkhd6sd x16tdsg8 x1hl2dhg xggy1nq x1a2a7pz x1sur9pj xkrqix3 x1fey0fg x1s688f\" tabindex=\"0\" role=\"link\" href=\"https:\/\/www.facebook.com\/MidesGuatemala?__cft__[0]=AZWfX0BFiqQKXJbLlNgvFOrpE4RgRAt24mlY4rGpqpKNwD7C1C0Lu-Ff_Yqkbj5VzVUg3YP0ZGRGmoPMGMVqDk8jLbWXSZ1o7LuXbts71z68sX4p9NMawrB9eNHUe-pQG128blFNt-F1vW6cywiplntA4lvpsZYIfC8cUPgpetSuv6mF3zcRW4D2eEDDBQu9TlWT5BFZY6KarhuBC4mtf4UBFU8NqaoGiNrkA106mXXKog&amp;__tn__=-]K-y-R\"><span class=\"xt0psk2\">Mides Guatemala<\/span><\/a><\/span> ha inaugurado dos nuevos <span class=\"html-span xdj266r x11i5rnm xat24cr x1mh8g0r xexx8yu x4uap5 x18d9i69 xkhd6sd x1hl2dhg x16tdsg8 x1vvkbs\"><a class=\"x1i10hfl xjbqb8w x1ejq31n xd10rxx x1sy0etr x17r0tee x972fbf xcfux6l x1qhh985 xm0m39n x9f619 x1ypdohk xt0psk2 xe8uvvx xdj266r x11i5rnm xat24cr x1mh8g0r xexx8yu x4uap5 x18d9i69 xkhd6sd x16tdsg8 x1hl2dhg xggy1nq x1a2a7pz x1sur9pj xkrqix3 x1fey0fg x1s688f\" tabindex=\"0\" role=\"link\" href=\"https:\/\/www.facebook.com\/hashtag\/comedoressociales?__eep__=6&amp;__cft__[0]=AZWfX0BFiqQKXJbLlNgvFOrpE4RgRAt24mlY4rGpqpKNwD7C1C0Lu-Ff_Yqkbj5VzVUg3YP0ZGRGmoPMGMVqDk8jLbWXSZ1o7LuXbts71z68sX4p9NMawrB9eNHUe-pQG128blFNt-F1vW6cywiplntA4lvpsZYIfC8cUPgpetSuv6mF3zcRW4D2eEDDBQu9TlWT5BFZY6KarhuBC4mtf4UBFU8NqaoGiNrkA106mXXKog&amp;__tn__=*NK-y-R\">#ComedoresSociales<\/a><\/span>, uno en Tucur\u00fa, Alta Verapaz y otro en Cajol\u00e1, Quetzaltenango, sumando a 78 el n\u00famero de comedores distribuidos estrat\u00e9gicamente en todo el pa\u00eds.<\/div>\n<\/div>\n<div class=\"x11i5rnm xat24cr x1mh8g0r x1vvkbs xtlvy1s x126k92a\" style=\"text-align: justify;\">\n<div dir=\"auto\"><span class=\"html-span xexx8yu x4uap5 x18d9i69 xkhd6sd x1hl2dhg x16tdsg8 x1vvkbs x3nfvp2 x1j61x8r x1fcty0u xdj266r xat24cr xgzva0m xhhsvwb xxymvpz xlup9mm x1kky2od\"><img decoding=\"async\" loading=\"lazy\" class=\"xz74otr\" src=\"https:\/\/static.xx.fbcdn.net\/images\/emoji.php\/v9\/t33\/1\/16\/2705.png\" alt=\"\u2705\" width=\"16\" height=\"16\" \/><\/span> Diariamente y de forma gratuita se sirven 150 desayunos y 250 almuerzos.<\/div>\n<div dir=\"auto\"><span class=\"html-span xexx8yu x4uap5 x18d9i69 xkhd6sd x1hl2dhg x16tdsg8 x1vvkbs x3nfvp2 x1j61x8r x1fcty0u xdj266r xat24cr xgzva0m xhhsvwb xxymvpz xlup9mm x1kky2od\"><img decoding=\"async\" loading=\"lazy\" class=\"xz74otr\" src=\"https:\/\/static.xx.fbcdn.net\/images\/emoji.php\/v9\/t33\/1\/16\/2705.png\" alt=\"\u2705\" width=\"16\" height=\"16\" \/><\/span> Cuyos men\u00fas han sido dise\u00f1ados para garantizar calidad, higiene y nutrici\u00f3n en cada porci\u00f3n de alimentos.<\/div>\n<\/div>\n<div class=\"x11i5rnm xat24cr x1mh8g0r x1vvkbs xtlvy1s x126k92a\" style=\"text-align: justify;\">\n<div dir=\"auto\">El Alcalde Municipal de Cajol\u00e1, Fidel Lucas, expres\u00f3: \u201cAgradecemos al Mides por la apertura de este comedor social. El desarrollo social es importante, y los programas como este est\u00e1n destinados a quienes m\u00e1s lo necesitan&#8221;.<\/div>\n<\/div>\n<div class=\"x11i5rnm xat24cr x1mh8g0r x1vvkbs xtlvy1s x126k92a\" style=\"text-align: justify;\">\n<div dir=\"auto\">En la inauguraci\u00f3n del comedor de Tucur\u00fa, Alta Verapaz, la Viceministra Alejandra Menaldo destac\u00f3: \u201cEl hambre no es solo la falta de comida, es un problema m\u00e1s grande que afecta la vida de las personas, su salud, trabajo, estudio y la posibilidad de salir adelante, por ello este <span class=\"html-span xdj266r x11i5rnm xat24cr x1mh8g0r xexx8yu x4uap5 x18d9i69 xkhd6sd x1hl2dhg x16tdsg8 x1vvkbs\"><a class=\"x1i10hfl xjbqb8w x1ejq31n xd10rxx x1sy0etr x17r0tee x972fbf xcfux6l x1qhh985 xm0m39n x9f619 x1ypdohk xt0psk2 xe8uvvx xdj266r x11i5rnm xat24cr x1mh8g0r xexx8yu x4uap5 x18d9i69 xkhd6sd x16tdsg8 x1hl2dhg xggy1nq x1a2a7pz x1sur9pj xkrqix3 x1fey0fg x1s688f\" tabindex=\"0\" role=\"link\" href=\"https:\/\/www.facebook.com\/hashtag\/comedorsocial?__eep__=6&amp;__cft__[0]=AZWfX0BFiqQKXJbLlNgvFOrpE4RgRAt24mlY4rGpqpKNwD7C1C0Lu-Ff_Yqkbj5VzVUg3YP0ZGRGmoPMGMVqDk8jLbWXSZ1o7LuXbts71z68sX4p9NMawrB9eNHUe-pQG128blFNt-F1vW6cywiplntA4lvpsZYIfC8cUPgpetSuv6mF3zcRW4D2eEDDBQu9TlWT5BFZY6KarhuBC4mtf4UBFU8NqaoGiNrkA106mXXKog&amp;__tn__=*NK-y-R\">#ComedorSocial<\/a><\/span> es un paso importante para apoyar a las personas que enfrentan estas dificultades y mejorar su calidad de vida\u201d.<\/div>\n<\/div>\n<div class=\"x11i5rnm xat24cr x1mh8g0r x1vvkbs xtlvy1s x126k92a\">\n<div dir=\"auto\" style=\"text-align: justify;\">Para garantizar equilibrio y calidad en los alimentos, los men\u00fas que se brindan est\u00e1n dise\u00f1ados por nutricionistas. Adem\u00e1s, los Comedores Sociales sensibilizan a los usuarios en h\u00e1bitos de higiene y alimentaci\u00f3n saludable.<\/div>\n<\/div>\n<p>&nbsp;<\/p>\n<p>&nbsp;<\/p>\n<div><\/div>\n","protected":false},"excerpt":{"rendered":"<p>El Mides Guatemala ha inaugurado dos nuevos #ComedoresSociales, uno en Tucur\u00fa, Alta Verapaz y otro en Cajol\u00e1, Quetzaltenango, sumando a 78 el n\u00famero de comedores distribuidos estrat\u00e9gicamente en todo el pa\u00eds. Diariamente y de forma gratuita se sirven 150 desayunos y 250 almuerzos. Cuyos men\u00fas han sido dise\u00f1ados para garantizar calidad, higiene y nutrici\u00f3n en [&hellip;]<\/p>\n","protected":false},"author":1,"featured_media":20650,"comment_status":"closed","ping_status":"open","sticky":false,"template":"","format":"gallery","meta":[],"categories":[182],"tags":[178],"_links":{"self":[{"href":"https:\/\/gobernacionaltaverapaz.gob.gt\/index.php?rest_route=\/wp\/v2\/posts\/20649"}],"collection":[{"href":"https:\/\/gobernacionaltaverapaz.gob.gt\/index.php?rest_route=\/wp\/v2\/posts"}],"about":[{"href":"https:\/\/gobernacionaltaverapaz.gob.gt\/index.php?rest_route=\/wp\/v2\/types\/post"}],"author":[{"embeddable":true,"href":"https:\/\/gobernacionaltaverapaz.gob.gt\/index.php?rest_route=\/wp\/v2\/users\/1"}],"replies":[{"embeddable":true,"href":"https:\/\/gobernacionaltaverapaz.gob.gt\/index.php?rest_route=%2Fwp%2Fv2%2Fcomments&post=20649"}],"version-history":[{"count":1,"href":"https:\/\/gobernacionaltaverapaz.gob.gt\/index.php?rest_route=\/wp\/v2\/posts\/20649\/revisions"}],"predecessor-version":[{"id":20651,"href":"https:\/\/gobernacionaltaverapaz.gob.gt\/index.php?rest_route=\/wp\/v2\/posts\/20649\/revisions\/20651"}],"wp:featuredmedia":[{"embeddable":true,"href":"https:\/\/gobernacionaltaverapaz.gob.gt\/index.php?rest_route=\/wp\/v2\/media\/20650"}],"wp:attachment":[{"href":"https:\/\/gobernacionaltaverapaz.gob.gt\/index.php?rest_route=%2Fwp%2Fv2%2Fmedia&parent=20649"}],"wp:term":[{"taxonomy":"category","embeddable":true,"href":"https:\/\/gobernacionaltaverapaz.gob.gt\/index.php?rest_route=%2Fwp%2Fv2%2Fcategories&post=20649"},{"taxonomy":"post_tag","embeddable":true,"href":"https:\/\/gobernacionaltaverapaz.gob.gt\/index.php?rest_route=%2Fwp%2Fv2%2Ftags&post=20649"}],"curies":[{"name":"wp","href":"https:\/\/api.w.org\/{rel}","templated":true}]}}