{"id":20696,"date":"2024-11-20T14:28:17","date_gmt":"2024-11-20T20:28:17","guid":{"rendered":"https:\/\/gobernacionaltaverapaz.gob.gt\/?p=20696"},"modified":"2024-11-27T10:53:40","modified_gmt":"2024-11-27T16:53:40","slug":"reunion-de-la-comision-departamental-de-seguridad-alimentaria-y-nutricional-en-alta-verapaz","status":"publish","type":"post","link":"https:\/\/gobernacionaltaverapaz.gob.gt\/?p=20696","title":{"rendered":"Vicepresidenta conoce avances en la lucha contra la desnutrici\u00f3n aguda en Alta Verapaz"},"content":{"rendered":"<div class=\"xdj266r x11i5rnm xat24cr x1mh8g0r x1vvkbs x126k92a\">\n<div dir=\"auto\" style=\"text-align: justify;\">Con la participaci\u00f3n de la vicepresidenta Karin Herrera, se desarroll\u00f3 la reuni\u00f3n de la Comisi\u00f3n Departamental de Seguridad Alimentaria y Nutricional en Alta Verapaz, con la asistencia de Mireya Palmieri, secretaria de SESAN, y la gobernadora departamental, Dilia Margarita C\u00f3 Coy.<\/div>\n<\/div>\n<div class=\"x11i5rnm xat24cr x1mh8g0r x1vvkbs xtlvy1s x126k92a\">\n<div dir=\"auto\" style=\"text-align: justify;\">En esta sesi\u00f3n se destacaron estrategias para combatir las causas profundas de la desnutrici\u00f3n en el departamento, priorizando acciones como el acceso a una alimentaci\u00f3n adecuada, el fortalecimiento de proyectos agr\u00edcolas y la promoci\u00f3n de pr\u00e1cticas saludables en las comunidades. Este esfuerzo refleja el compromiso del gobierno de Guatemala de trabajar desde los territorios para construir un futuro m\u00e1s justo y libre de desnutrici\u00f3n.<\/div>\n<\/div>\n<p>&nbsp;<\/p>\n<div><\/div>\n","protected":false},"excerpt":{"rendered":"<p>Con la participaci\u00f3n de la vicepresidenta Karin Herrera, se desarroll\u00f3 la reuni\u00f3n de la Comisi\u00f3n Departamental de Seguridad Alimentaria y Nutricional en Alta Verapaz, con la asistencia de Mireya Palmieri, secretaria de SESAN, y la gobernadora departamental, Dilia Margarita C\u00f3 Coy. En esta sesi\u00f3n se destacaron estrategias para combatir las causas profundas de la desnutrici\u00f3n [&hellip;]<\/p>\n","protected":false},"author":1,"featured_media":20689,"comment_status":"closed","ping_status":"open","sticky":false,"template":"","format":"gallery","meta":[],"categories":[194],"tags":[178],"_links":{"self":[{"href":"https:\/\/gobernacionaltaverapaz.gob.gt\/index.php?rest_route=\/wp\/v2\/posts\/20696"}],"collection":[{"href":"https:\/\/gobernacionaltaverapaz.gob.gt\/index.php?rest_route=\/wp\/v2\/posts"}],"about":[{"href":"https:\/\/gobernacionaltaverapaz.gob.gt\/index.php?rest_route=\/wp\/v2\/types\/post"}],"author":[{"embeddable":true,"href":"https:\/\/gobernacionaltaverapaz.gob.gt\/index.php?rest_route=\/wp\/v2\/users\/1"}],"replies":[{"embeddable":true,"href":"https:\/\/gobernacionaltaverapaz.gob.gt\/index.php?rest_route=%2Fwp%2Fv2%2Fcomments&post=20696"}],"version-history":[{"count":2,"href":"https:\/\/gobernacionaltaverapaz.gob.gt\/index.php?rest_route=\/wp\/v2\/posts\/20696\/revisions"}],"predecessor-version":[{"id":20710,"href":"https:\/\/gobernacionaltaverapaz.gob.gt\/index.php?rest_route=\/wp\/v2\/posts\/20696\/revisions\/20710"}],"wp:featuredmedia":[{"embeddable":true,"href":"https:\/\/gobernacionaltaverapaz.gob.gt\/index.php?rest_route=\/wp\/v2\/media\/20689"}],"wp:attachment":[{"href":"https:\/\/gobernacionaltaverapaz.gob.gt\/index.php?rest_route=%2Fwp%2Fv2%2Fmedia&parent=20696"}],"wp:term":[{"taxonomy":"category","embeddable":true,"href":"https:\/\/gobernacionaltaverapaz.gob.gt\/index.php?rest_route=%2Fwp%2Fv2%2Fcategories&post=20696"},{"taxonomy":"post_tag","embeddable":true,"href":"https:\/\/gobernacionaltaverapaz.gob.gt\/index.php?rest_route=%2Fwp%2Fv2%2Ftags&post=20696"}],"curies":[{"name":"wp","href":"https:\/\/api.w.org\/{rel}","templated":true}]}}