{"id":20699,"date":"2024-11-20T14:39:56","date_gmt":"2024-11-20T20:39:56","guid":{"rendered":"https:\/\/gobernacionaltaverapaz.gob.gt\/?p=20699"},"modified":"2024-11-27T10:52:23","modified_gmt":"2024-11-27T16:52:23","slug":"en-el-hospital-regional-de-coban-se-llevo-a-cabo-una-visita-por-la-vicepresidenta-karin-herrera-y-la-gobernadora-de-alta-verapaz","status":"publish","type":"post","link":"https:\/\/gobernacionaltaverapaz.gob.gt\/?p=20699","title":{"rendered":"Vicepresidenta Karin Herrera y la gobernadora de Alta Verapaz visitan el Hospital Regional de Cob\u00e1n"},"content":{"rendered":"<div class=\"xdj266r x11i5rnm xat24cr x1mh8g0r x1vvkbs x126k92a\">\n<div dir=\"auto\" style=\"text-align: justify;\">En el Hospital Regional de Cob\u00e1n se llev\u00f3 a cabo una visita por la vicepresidenta Karin Herrera y la gobernadora de Alta Verapaz, Dilia Margarita C\u00f3 Coy, para conocer las necesidades del personal que atiende a la primera infancia.<\/div>\n<\/div>\n<div class=\"x11i5rnm xat24cr x1mh8g0r x1vvkbs xtlvy1s x126k92a\">\n<div dir=\"auto\" style=\"text-align: justify;\">Durante el recorrido, se destac\u00f3 el impacto positivo del banco de leche humana, que garantiza nutrici\u00f3n y cuidados esenciales para los reci\u00e9n nacidos del departamento. Con el objetivo de fortalecer los servicios esenciales y asegurar el cumplimiento de la Pol\u00edtica de Primera Infancia, promoviendo el bienestar de la ni\u00f1ez en Alta Verapaz.<\/div>\n<\/div>\n<p>&nbsp;<\/p>\n<p>&nbsp;<\/p>\n<div><\/div>\n","protected":false},"excerpt":{"rendered":"<p>En el Hospital Regional de Cob\u00e1n se llev\u00f3 a cabo una visita por la vicepresidenta Karin Herrera y la gobernadora de Alta Verapaz, Dilia Margarita C\u00f3 Coy, para conocer las necesidades del personal que atiende a la primera infancia. Durante el recorrido, se destac\u00f3 el impacto positivo del banco de leche humana, que garantiza nutrici\u00f3n [&hellip;]<\/p>\n","protected":false},"author":1,"featured_media":20706,"comment_status":"closed","ping_status":"open","sticky":false,"template":"","format":"gallery","meta":[],"categories":[5],"tags":[178],"_links":{"self":[{"href":"https:\/\/gobernacionaltaverapaz.gob.gt\/index.php?rest_route=\/wp\/v2\/posts\/20699"}],"collection":[{"href":"https:\/\/gobernacionaltaverapaz.gob.gt\/index.php?rest_route=\/wp\/v2\/posts"}],"about":[{"href":"https:\/\/gobernacionaltaverapaz.gob.gt\/index.php?rest_route=\/wp\/v2\/types\/post"}],"author":[{"embeddable":true,"href":"https:\/\/gobernacionaltaverapaz.gob.gt\/index.php?rest_route=\/wp\/v2\/users\/1"}],"replies":[{"embeddable":true,"href":"https:\/\/gobernacionaltaverapaz.gob.gt\/index.php?rest_route=%2Fwp%2Fv2%2Fcomments&post=20699"}],"version-history":[{"count":3,"href":"https:\/\/gobernacionaltaverapaz.gob.gt\/index.php?rest_route=\/wp\/v2\/posts\/20699\/revisions"}],"predecessor-version":[{"id":20709,"href":"https:\/\/gobernacionaltaverapaz.gob.gt\/index.php?rest_route=\/wp\/v2\/posts\/20699\/revisions\/20709"}],"wp:featuredmedia":[{"embeddable":true,"href":"https:\/\/gobernacionaltaverapaz.gob.gt\/index.php?rest_route=\/wp\/v2\/media\/20706"}],"wp:attachment":[{"href":"https:\/\/gobernacionaltaverapaz.gob.gt\/index.php?rest_route=%2Fwp%2Fv2%2Fmedia&parent=20699"}],"wp:term":[{"taxonomy":"category","embeddable":true,"href":"https:\/\/gobernacionaltaverapaz.gob.gt\/index.php?rest_route=%2Fwp%2Fv2%2Fcategories&post=20699"},{"taxonomy":"post_tag","embeddable":true,"href":"https:\/\/gobernacionaltaverapaz.gob.gt\/index.php?rest_route=%2Fwp%2Fv2%2Ftags&post=20699"}],"curies":[{"name":"wp","href":"https:\/\/api.w.org\/{rel}","templated":true}]}}