{"id":20718,"date":"2024-11-21T10:45:12","date_gmt":"2024-11-21T16:45:12","guid":{"rendered":"https:\/\/gobernacionaltaverapaz.gob.gt\/?p=20718"},"modified":"2024-11-27T11:49:15","modified_gmt":"2024-11-27T17:49:15","slug":"ejecutando-acciones-interinstitucionales-para-socorrer-a-las-personas-afectadas-por-las-inundaciones-y-deslizamientos","status":"publish","type":"post","link":"https:\/\/gobernacionaltaverapaz.gob.gt\/?p=20718","title":{"rendered":"Ejecutando acciones interinstitucionales para socorrer a las personas afectadas por las inundaciones y deslizamientos"},"content":{"rendered":"<div class=\"xdj266r x11i5rnm xat24cr x1mh8g0r x1vvkbs x126k92a\">\n<div dir=\"auto\" style=\"text-align: justify;\">La Coordinadora Departamental para la Reducci\u00f3n de Desastres -CODRED- de Alta Verapaz dirigida por la Gobernadora Dilia Margarita C\u00f3 Coy ha activado el Centro de Operaciones de Emergencia -COE- Departamental en coordinaci\u00f3n con SE-CONRED y otras instituciones con las que ya se est\u00e1n ejecutando acciones interinstitucionales para socorrer a las personas afectadas por las inundaciones y deslizamientos.<\/div>\n<\/div>\n<div class=\"x11i5rnm xat24cr x1mh8g0r x1vvkbs xtlvy1s x126k92a\" style=\"text-align: justify;\">\n<div dir=\"auto\">Desde horas de la madrugada se han atendido los llamados de la poblaci\u00f3n en los diferentes municipios del departamento donde se han reportado situaciones de emergencia. Las municipalidades tambi\u00e9n han activado sus COE Municipales y ya han preparado los albergues necesarios para recibir a quienes lo necesiten.<\/div>\n<\/div>\n<div class=\"x11i5rnm xat24cr x1mh8g0r x1vvkbs xtlvy1s x126k92a\" style=\"text-align: justify;\">\n<div dir=\"auto\">Desde Gobernaci\u00f3n Departamental se est\u00e1n revisando los documentos legales para autorizar los formatos de Evaluaci\u00f3n de Da\u00f1os y An\u00e1lisis de Necesidades -EDAN- y de esta forma garantizar la ayuda humanitaria y las intervenciones del Estado.<\/div>\n<\/div>\n<div class=\"x11i5rnm xat24cr x1mh8g0r x1vvkbs xtlvy1s x126k92a\">\n<div dir=\"auto\" style=\"text-align: justify;\">El COE continuar\u00e1 sus operaciones en las siguientes horas. Se recomienda a la poblaci\u00f3n mantenerse informada por los canales oficiales.<\/div>\n<\/div>\n<p>&nbsp;<\/p>\n<div><\/div>\n","protected":false},"excerpt":{"rendered":"<p>La Coordinadora Departamental para la Reducci\u00f3n de Desastres -CODRED- de Alta Verapaz dirigida por la Gobernadora Dilia Margarita C\u00f3 Coy ha activado el Centro de Operaciones de Emergencia -COE- Departamental en coordinaci\u00f3n con SE-CONRED y otras instituciones con las que ya se est\u00e1n ejecutando acciones interinstitucionales para socorrer a las personas afectadas por las inundaciones [&hellip;]<\/p>\n","protected":false},"author":1,"featured_media":20711,"comment_status":"closed","ping_status":"open","sticky":false,"template":"","format":"gallery","meta":[],"categories":[205,5],"tags":[178],"_links":{"self":[{"href":"https:\/\/gobernacionaltaverapaz.gob.gt\/index.php?rest_route=\/wp\/v2\/posts\/20718"}],"collection":[{"href":"https:\/\/gobernacionaltaverapaz.gob.gt\/index.php?rest_route=\/wp\/v2\/posts"}],"about":[{"href":"https:\/\/gobernacionaltaverapaz.gob.gt\/index.php?rest_route=\/wp\/v2\/types\/post"}],"author":[{"embeddable":true,"href":"https:\/\/gobernacionaltaverapaz.gob.gt\/index.php?rest_route=\/wp\/v2\/users\/1"}],"replies":[{"embeddable":true,"href":"https:\/\/gobernacionaltaverapaz.gob.gt\/index.php?rest_route=%2Fwp%2Fv2%2Fcomments&post=20718"}],"version-history":[{"count":1,"href":"https:\/\/gobernacionaltaverapaz.gob.gt\/index.php?rest_route=\/wp\/v2\/posts\/20718\/revisions"}],"predecessor-version":[{"id":20719,"href":"https:\/\/gobernacionaltaverapaz.gob.gt\/index.php?rest_route=\/wp\/v2\/posts\/20718\/revisions\/20719"}],"wp:featuredmedia":[{"embeddable":true,"href":"https:\/\/gobernacionaltaverapaz.gob.gt\/index.php?rest_route=\/wp\/v2\/media\/20711"}],"wp:attachment":[{"href":"https:\/\/gobernacionaltaverapaz.gob.gt\/index.php?rest_route=%2Fwp%2Fv2%2Fmedia&parent=20718"}],"wp:term":[{"taxonomy":"category","embeddable":true,"href":"https:\/\/gobernacionaltaverapaz.gob.gt\/index.php?rest_route=%2Fwp%2Fv2%2Fcategories&post=20718"},{"taxonomy":"post_tag","embeddable":true,"href":"https:\/\/gobernacionaltaverapaz.gob.gt\/index.php?rest_route=%2Fwp%2Fv2%2Ftags&post=20718"}],"curies":[{"name":"wp","href":"https:\/\/api.w.org\/{rel}","templated":true}]}}