{"id":20720,"date":"2024-11-21T12:49:42","date_gmt":"2024-11-21T18:49:42","guid":{"rendered":"https:\/\/gobernacionaltaverapaz.gob.gt\/?p=20720"},"modified":"2024-11-27T11:58:48","modified_gmt":"2024-11-27T17:58:48","slug":"asamblea-de-eleccion-de-representante-de-las-organizaciones-no-gubernamentales-ong-de-desarrollo-ante-el-codedeav","status":"publish","type":"post","link":"https:\/\/gobernacionaltaverapaz.gob.gt\/?p=20720","title":{"rendered":"Asamblea de Elecci\u00f3n de Representante de las Organizaciones No Gubernamentales -ONG- de Desarrollo ante el -CODEDEAV"},"content":{"rendered":"<div class=\"xdj266r x11i5rnm xat24cr x1mh8g0r x1vvkbs x126k92a\">\n<div dir=\"auto\" style=\"text-align: justify;\">Esta ma\u00f1ana del jueves 21 de noviembre de 2024 se prepar\u00f3 el espacio para realizar la Asamblea de Elecci\u00f3n de Representante de las Organizaciones No Gubernamentales -ONG- de Desarrollo ante el Consejo Departamental de Desarrollo de Alta Verapaz -CODEDEAV-.<\/div>\n<\/div>\n<div class=\"x11i5rnm xat24cr x1mh8g0r x1vvkbs xtlvy1s x126k92a\" style=\"text-align: justify;\">\n<div dir=\"auto\">Con esta son dos convocatorias que se realizar\u00f3n desde el Ministerio de Gobernaci\u00f3n y que se publicaron con los debidos tiempos en el Diario de Centroam\u00e9rica y en la p\u00e1gina de Gobernaci\u00f3n Departamental de Alta Verapaz, sin embargo ambas convocatorias se han declarado desiertas, ya que que a pesar de que asistieron algunas personas no llenaban los requisitos legales que exige el Reglamento de la Ley de Consejos de Desarrollo.<\/div>\n<\/div>\n<div class=\"x11i5rnm xat24cr x1mh8g0r x1vvkbs xtlvy1s x126k92a\" style=\"text-align: justify;\">\n<div dir=\"auto\">Ver 1a. Convocatoria<\/div>\n<div dir=\"auto\"><span class=\"html-span xdj266r x11i5rnm xat24cr x1mh8g0r xexx8yu x4uap5 x18d9i69 xkhd6sd x1hl2dhg x16tdsg8 x1vvkbs\"><a class=\"x1i10hfl xjbqb8w x1ejq31n xd10rxx x1sy0etr x17r0tee x972fbf xcfux6l x1qhh985 xm0m39n x9f619 x1ypdohk xt0psk2 xe8uvvx xdj266r x11i5rnm xat24cr x1mh8g0r xexx8yu x4uap5 x18d9i69 xkhd6sd x16tdsg8 x1hl2dhg xggy1nq x1a2a7pz x1sur9pj xkrqix3 xzsf02u x1s688f\" tabindex=\"0\" role=\"link\" href=\"https:\/\/www.facebook.com\/GobernacionAV\/posts\/pfbid0g61nHw1Yggguj5CsgBsPkwvbw6fUKKsJp5wGSz7Fw8Sm5G2dDSA5P43wyHUvhePkl?__cft__[0]=AZWspP7qyN26wVQnTYjpWheUS-AA1yM72aXL2HEgLTgItpgMGeQKvQxcOup0PL1MEUZwfWpfk8rKdjpTYonEiJevgh_3Zmu0A8hQIEBjKNLBwjG7gpBU72lW2Ac84bS3acyXFGudzQx9USNdLK3XjW3gn8tl-5CeRChzUwGfnpYyb7dg7MERjqxz4sy1PvGCynU&amp;__tn__=-UK-R\">https:\/\/www.facebook.com\/share\/p\/15EYN4MgqX\/<\/a><\/span><\/div>\n<\/div>\n<div class=\"x11i5rnm xat24cr x1mh8g0r x1vvkbs xtlvy1s x126k92a\" style=\"text-align: justify;\">\n<div dir=\"auto\">Ver 1a. Asamblea<\/div>\n<div dir=\"auto\"><span class=\"html-span xdj266r x11i5rnm xat24cr x1mh8g0r xexx8yu x4uap5 x18d9i69 xkhd6sd x1hl2dhg x16tdsg8 x1vvkbs\"><a class=\"x1i10hfl xjbqb8w x1ejq31n xd10rxx x1sy0etr x17r0tee x972fbf xcfux6l x1qhh985 xm0m39n x9f619 x1ypdohk xt0psk2 xe8uvvx xdj266r x11i5rnm xat24cr x1mh8g0r xexx8yu x4uap5 x18d9i69 xkhd6sd x16tdsg8 x1hl2dhg xggy1nq x1a2a7pz x1sur9pj xkrqix3 xzsf02u x1s688f\" tabindex=\"0\" role=\"link\" href=\"https:\/\/www.facebook.com\/GobernacionAV\/posts\/pfbid024KMBgdQo1qXRf9muMFLkt5gRTkmeMSxx1Fijxza3jPagssk3yeNv1dRFftuctSEZl?__cft__[0]=AZWspP7qyN26wVQnTYjpWheUS-AA1yM72aXL2HEgLTgItpgMGeQKvQxcOup0PL1MEUZwfWpfk8rKdjpTYonEiJevgh_3Zmu0A8hQIEBjKNLBwjG7gpBU72lW2Ac84bS3acyXFGudzQx9USNdLK3XjW3gn8tl-5CeRChzUwGfnpYyb7dg7MERjqxz4sy1PvGCynU&amp;__tn__=-UK-R\">https:\/\/www.facebook.com\/share\/p\/19fEns32iC\/<\/a><\/span><\/div>\n<\/div>\n<div class=\"x11i5rnm xat24cr x1mh8g0r x1vvkbs xtlvy1s x126k92a\" style=\"text-align: justify;\">\n<div dir=\"auto\">Ver 2a. Convocatoria<\/div>\n<div dir=\"auto\"><span class=\"html-span xdj266r x11i5rnm xat24cr x1mh8g0r xexx8yu x4uap5 x18d9i69 xkhd6sd x1hl2dhg x16tdsg8 x1vvkbs\"><a class=\"x1i10hfl xjbqb8w x1ejq31n xd10rxx x1sy0etr x17r0tee x972fbf xcfux6l x1qhh985 xm0m39n x9f619 x1ypdohk xt0psk2 xe8uvvx xdj266r x11i5rnm xat24cr x1mh8g0r xexx8yu x4uap5 x18d9i69 xkhd6sd x16tdsg8 x1hl2dhg xggy1nq x1a2a7pz x1sur9pj xkrqix3 xzsf02u x1s688f\" tabindex=\"0\" role=\"link\" href=\"https:\/\/www.facebook.com\/GobernacionAV\/posts\/pfbid0HRTBURGMu3tS7F9EiiTuqF6p26yry6h41HRdXx9taFk3GMWQYPXPv5N8ix8fDM35l?__cft__[0]=AZWspP7qyN26wVQnTYjpWheUS-AA1yM72aXL2HEgLTgItpgMGeQKvQxcOup0PL1MEUZwfWpfk8rKdjpTYonEiJevgh_3Zmu0A8hQIEBjKNLBwjG7gpBU72lW2Ac84bS3acyXFGudzQx9USNdLK3XjW3gn8tl-5CeRChzUwGfnpYyb7dg7MERjqxz4sy1PvGCynU&amp;__tn__=-UK-R\">https:\/\/www.facebook.com\/share\/p\/18CY7maG7y\/<\/a><\/span><\/div>\n<\/div>\n<div class=\"x11i5rnm xat24cr x1mh8g0r x1vvkbs xtlvy1s x126k92a\">\n<div dir=\"auto\" style=\"text-align: justify;\">Ha quedado un espacio sin representaci\u00f3n de las Organizaciones No Estatales (Sociedad Civil Organizada) ante el CODEDEAV por falta de participaci\u00f3n. En los pr\u00f3ximos d\u00edas se estar\u00e1 publicando el dictamen jur\u00eddico de la Secretar\u00eda de Coordinaci\u00f3n Ejecutiva de la Presidencia -SCEP-, al respecto de este caso.<\/div>\n<div dir=\"auto\"><\/div>\n<\/div>\n<p><img decoding=\"async\" loading=\"lazy\" class=\"alignnone size-full wp-image-20721\" src=\"https:\/\/gobernacionaltaverapaz.gob.gt\/wp-content\/uploads\/2024\/11\/02-22.jpg\" alt=\"\" width=\"900\" height=\"600\" srcset=\"https:\/\/gobernacionaltaverapaz.gob.gt\/wp-content\/uploads\/2024\/11\/02-22.jpg 900w, https:\/\/gobernacionaltaverapaz.gob.gt\/wp-content\/uploads\/2024\/11\/02-22-300x200.jpg 300w, https:\/\/gobernacionaltaverapaz.gob.gt\/wp-content\/uploads\/2024\/11\/02-22-768x512.jpg 768w\" sizes=\"(max-width: 900px) 100vw, 900px\" \/><\/p>\n","protected":false},"excerpt":{"rendered":"<p>Esta ma\u00f1ana del jueves 21 de noviembre de 2024 se prepar\u00f3 el espacio para realizar la Asamblea de Elecci\u00f3n de Representante de las Organizaciones No Gubernamentales -ONG- de Desarrollo ante el Consejo Departamental de Desarrollo de Alta Verapaz -CODEDEAV-. Con esta son dos convocatorias que se realizar\u00f3n desde el Ministerio de Gobernaci\u00f3n y que se [&hellip;]<\/p>\n","protected":false},"author":1,"featured_media":20722,"comment_status":"closed","ping_status":"open","sticky":false,"template":"","format":"gallery","meta":[],"categories":[183],"tags":[178],"_links":{"self":[{"href":"https:\/\/gobernacionaltaverapaz.gob.gt\/index.php?rest_route=\/wp\/v2\/posts\/20720"}],"collection":[{"href":"https:\/\/gobernacionaltaverapaz.gob.gt\/index.php?rest_route=\/wp\/v2\/posts"}],"about":[{"href":"https:\/\/gobernacionaltaverapaz.gob.gt\/index.php?rest_route=\/wp\/v2\/types\/post"}],"author":[{"embeddable":true,"href":"https:\/\/gobernacionaltaverapaz.gob.gt\/index.php?rest_route=\/wp\/v2\/users\/1"}],"replies":[{"embeddable":true,"href":"https:\/\/gobernacionaltaverapaz.gob.gt\/index.php?rest_route=%2Fwp%2Fv2%2Fcomments&post=20720"}],"version-history":[{"count":1,"href":"https:\/\/gobernacionaltaverapaz.gob.gt\/index.php?rest_route=\/wp\/v2\/posts\/20720\/revisions"}],"predecessor-version":[{"id":20723,"href":"https:\/\/gobernacionaltaverapaz.gob.gt\/index.php?rest_route=\/wp\/v2\/posts\/20720\/revisions\/20723"}],"wp:featuredmedia":[{"embeddable":true,"href":"https:\/\/gobernacionaltaverapaz.gob.gt\/index.php?rest_route=\/wp\/v2\/media\/20722"}],"wp:attachment":[{"href":"https:\/\/gobernacionaltaverapaz.gob.gt\/index.php?rest_route=%2Fwp%2Fv2%2Fmedia&parent=20720"}],"wp:term":[{"taxonomy":"category","embeddable":true,"href":"https:\/\/gobernacionaltaverapaz.gob.gt\/index.php?rest_route=%2Fwp%2Fv2%2Fcategories&post=20720"},{"taxonomy":"post_tag","embeddable":true,"href":"https:\/\/gobernacionaltaverapaz.gob.gt\/index.php?rest_route=%2Fwp%2Fv2%2Ftags&post=20720"}],"curies":[{"name":"wp","href":"https:\/\/api.w.org\/{rel}","templated":true}]}}