{"id":20752,"date":"2024-11-22T00:21:01","date_gmt":"2024-11-22T06:21:01","guid":{"rendered":"https:\/\/gobernacionaltaverapaz.gob.gt\/?p=20752"},"modified":"2024-11-27T14:23:09","modified_gmt":"2024-11-27T20:23:09","slug":"entrega-de-recursos-para-albergues-habilitados-por-la-emergencia-del-frente-frio-no-1-y-temporada-de-lluvia","status":"publish","type":"post","link":"https:\/\/gobernacionaltaverapaz.gob.gt\/?p=20752","title":{"rendered":"Entrega de Recursos para Albergues Habilitados por la Emergencia del Frente Fr\u00edo No.1 y Temporada de Lluvia"},"content":{"rendered":"<div class=\"x11i5rnm xat24cr x1mh8g0r x1vvkbs xtlvy1s x126k92a\">\n<div dir=\"auto\" style=\"text-align: justify;\">La Gobernaci\u00f3n Departamental de Alta Verapaz informa sobre la entrega de recursos destinados a las familias afectadas por las recientes emergencias clim\u00e1ticas, quienes actualmente se encuentran albergadas en Petet Chixic, Parroquia El Calvario, La Esperanza, as\u00ed como en los municipios de San Crist\u00f3bal Verapaz, Tactic y Santa Cruz Alta Verapaz.<\/div>\n<\/div>\n<div class=\"x11i5rnm xat24cr x1mh8g0r x1vvkbs xtlvy1s x126k92a\">\n<div dir=\"auto\" style=\"text-align: justify;\">Esta acci\u00f3n, coordinada con instituciones del sistema CONRED y l\u00edderes comunitarios, busca brindar apoyo humanitario inmediato, incluyendo alimentos, kits de higiene y otros insumos esenciales, para garantizar la protecci\u00f3n y bienestar de las personas en situaci\u00f3n de vulnerabilidad.<\/div>\n<\/div>\n<p>&nbsp;<\/p>\n<div><\/div>\n","protected":false},"excerpt":{"rendered":"<p>La Gobernaci\u00f3n Departamental de Alta Verapaz informa sobre la entrega de recursos destinados a las familias afectadas por las recientes emergencias clim\u00e1ticas, quienes actualmente se encuentran albergadas en Petet Chixic, Parroquia El Calvario, La Esperanza, as\u00ed como en los municipios de San Crist\u00f3bal Verapaz, Tactic y Santa Cruz Alta Verapaz. Esta acci\u00f3n, coordinada con instituciones [&hellip;]<\/p>\n","protected":false},"author":1,"featured_media":20753,"comment_status":"closed","ping_status":"open","sticky":false,"template":"","format":"gallery","meta":[],"categories":[182],"tags":[178],"_links":{"self":[{"href":"https:\/\/gobernacionaltaverapaz.gob.gt\/index.php?rest_route=\/wp\/v2\/posts\/20752"}],"collection":[{"href":"https:\/\/gobernacionaltaverapaz.gob.gt\/index.php?rest_route=\/wp\/v2\/posts"}],"about":[{"href":"https:\/\/gobernacionaltaverapaz.gob.gt\/index.php?rest_route=\/wp\/v2\/types\/post"}],"author":[{"embeddable":true,"href":"https:\/\/gobernacionaltaverapaz.gob.gt\/index.php?rest_route=\/wp\/v2\/users\/1"}],"replies":[{"embeddable":true,"href":"https:\/\/gobernacionaltaverapaz.gob.gt\/index.php?rest_route=%2Fwp%2Fv2%2Fcomments&post=20752"}],"version-history":[{"count":1,"href":"https:\/\/gobernacionaltaverapaz.gob.gt\/index.php?rest_route=\/wp\/v2\/posts\/20752\/revisions"}],"predecessor-version":[{"id":20754,"href":"https:\/\/gobernacionaltaverapaz.gob.gt\/index.php?rest_route=\/wp\/v2\/posts\/20752\/revisions\/20754"}],"wp:featuredmedia":[{"embeddable":true,"href":"https:\/\/gobernacionaltaverapaz.gob.gt\/index.php?rest_route=\/wp\/v2\/media\/20753"}],"wp:attachment":[{"href":"https:\/\/gobernacionaltaverapaz.gob.gt\/index.php?rest_route=%2Fwp%2Fv2%2Fmedia&parent=20752"}],"wp:term":[{"taxonomy":"category","embeddable":true,"href":"https:\/\/gobernacionaltaverapaz.gob.gt\/index.php?rest_route=%2Fwp%2Fv2%2Fcategories&post=20752"},{"taxonomy":"post_tag","embeddable":true,"href":"https:\/\/gobernacionaltaverapaz.gob.gt\/index.php?rest_route=%2Fwp%2Fv2%2Ftags&post=20752"}],"curies":[{"name":"wp","href":"https:\/\/api.w.org\/{rel}","templated":true}]}}