{"id":20763,"date":"2024-11-22T11:13:24","date_gmt":"2024-11-22T17:13:24","guid":{"rendered":"https:\/\/gobernacionaltaverapaz.gob.gt\/?p=20763"},"modified":"2024-11-27T13:03:16","modified_gmt":"2024-11-27T19:03:16","slug":"coe-departamental-de-alta-verapaz-eleva-a-alerta-roja-institucional-la-situacion-derivada-de-los-efectos-del-frente-frio-no-1","status":"publish","type":"post","link":"https:\/\/gobernacionaltaverapaz.gob.gt\/?p=20763","title":{"rendered":"COE Departamental de Alta Verapaz eleva a Alerta Roja Institucional la situaci\u00f3n derivada de los efectos del Frente Fr\u00edo No. 1"},"content":{"rendered":"<div class=\"x11i5rnm xat24cr x1mh8g0r x1vvkbs xtlvy1s x126k92a\">\n<div dir=\"auto\" style=\"text-align: justify;\">El COE Departamental de Alta Verapaz eleva a Alerta Roja Institucional la situaci\u00f3n derivada de los efectos del Frente Fr\u00edo No. 1 y las lluvias en el territorio.<\/div>\n<\/div>\n<div class=\"x11i5rnm xat24cr x1mh8g0r x1vvkbs xtlvy1s x126k92a\" style=\"text-align: justify;\">\n<div dir=\"auto\">La CODRED bajo la direcci\u00f3n de la gobernadora Dilia Margarita C\u00f3 Coy, ha concluido la reuni\u00f3n en la que se organiz\u00f3 la coordinaci\u00f3n de las acciones de las instituciones del Ejecutivo en el departamento haciendo el recuento de da\u00f1os, informe de albergues, necesidades de ayuda humanitaria, en los municipios afectados.<\/div>\n<\/div>\n<div class=\"x11i5rnm xat24cr x1mh8g0r x1vvkbs xtlvy1s x126k92a\" style=\"text-align: justify;\">\n<div dir=\"auto\">Mientras tanto en campo ya est\u00e1n activos los albergues y de acuerdo al informe de esta ma\u00f1ana de viernes 22 de noviembre hay 298 personas albergadas en el departamento de acuerdo al informe de SOSEP en coordinaci\u00f3n con las Direcciones Municipales de la Mujer DMM en todos los municipios.<\/div>\n<\/div>\n<div class=\"x11i5rnm xat24cr x1mh8g0r x1vvkbs xtlvy1s x126k92a\" style=\"text-align: justify;\">\n<div dir=\"auto\">El MINDEF bajo las instrucciones de la CODRED ha desplegado a reservistas y miembros activos a socorrer y apoyar las labores de limpieza en \u00e1reas afectadas por inundaciones.<\/div>\n<\/div>\n<div class=\"x11i5rnm xat24cr x1mh8g0r x1vvkbs xtlvy1s x126k92a\" style=\"text-align: justify;\">\n<div dir=\"auto\">Con los datos actuales el INSIVUMEH pronostica una disminuci\u00f3n de las lluvias y temperaturas m\u00e1s bajas para el fin de semana, as\u00ed tambi\u00e9n inform\u00f3 que el nivel de saturaci\u00f3n de los suelos ha bajado y esto permitir\u00e1 que el nivel de caudal de los r\u00edos contin\u00fae disminuyendo.<\/div>\n<\/div>\n<div class=\"x11i5rnm xat24cr x1mh8g0r x1vvkbs xtlvy1s x126k92a\">\n<div dir=\"auto\" style=\"text-align: justify;\">Nuevamente hacemos el llamado a la poblaci\u00f3n a mantenerse en alerta, reportar incidentes a los n\u00fameros de emergencia y recurrir a las p\u00e1ginas oficiales para tener informaci\u00f3n de primera mano.<\/div>\n<\/div>\n<p>&nbsp;<\/p>\n<p>&nbsp;<\/p>\n<div><\/div>\n","protected":false},"excerpt":{"rendered":"<p>El COE Departamental de Alta Verapaz eleva a Alerta Roja Institucional la situaci\u00f3n derivada de los efectos del Frente Fr\u00edo No. 1 y las lluvias en el territorio. La CODRED bajo la direcci\u00f3n de la gobernadora Dilia Margarita C\u00f3 Coy, ha concluido la reuni\u00f3n en la que se organiz\u00f3 la coordinaci\u00f3n de las acciones de [&hellip;]<\/p>\n","protected":false},"author":1,"featured_media":20764,"comment_status":"closed","ping_status":"open","sticky":false,"template":"","format":"gallery","meta":[],"categories":[5],"tags":[178],"_links":{"self":[{"href":"https:\/\/gobernacionaltaverapaz.gob.gt\/index.php?rest_route=\/wp\/v2\/posts\/20763"}],"collection":[{"href":"https:\/\/gobernacionaltaverapaz.gob.gt\/index.php?rest_route=\/wp\/v2\/posts"}],"about":[{"href":"https:\/\/gobernacionaltaverapaz.gob.gt\/index.php?rest_route=\/wp\/v2\/types\/post"}],"author":[{"embeddable":true,"href":"https:\/\/gobernacionaltaverapaz.gob.gt\/index.php?rest_route=\/wp\/v2\/users\/1"}],"replies":[{"embeddable":true,"href":"https:\/\/gobernacionaltaverapaz.gob.gt\/index.php?rest_route=%2Fwp%2Fv2%2Fcomments&post=20763"}],"version-history":[{"count":1,"href":"https:\/\/gobernacionaltaverapaz.gob.gt\/index.php?rest_route=\/wp\/v2\/posts\/20763\/revisions"}],"predecessor-version":[{"id":20765,"href":"https:\/\/gobernacionaltaverapaz.gob.gt\/index.php?rest_route=\/wp\/v2\/posts\/20763\/revisions\/20765"}],"wp:featuredmedia":[{"embeddable":true,"href":"https:\/\/gobernacionaltaverapaz.gob.gt\/index.php?rest_route=\/wp\/v2\/media\/20764"}],"wp:attachment":[{"href":"https:\/\/gobernacionaltaverapaz.gob.gt\/index.php?rest_route=%2Fwp%2Fv2%2Fmedia&parent=20763"}],"wp:term":[{"taxonomy":"category","embeddable":true,"href":"https:\/\/gobernacionaltaverapaz.gob.gt\/index.php?rest_route=%2Fwp%2Fv2%2Fcategories&post=20763"},{"taxonomy":"post_tag","embeddable":true,"href":"https:\/\/gobernacionaltaverapaz.gob.gt\/index.php?rest_route=%2Fwp%2Fv2%2Ftags&post=20763"}],"curies":[{"name":"wp","href":"https:\/\/api.w.org\/{rel}","templated":true}]}}