{"id":20802,"date":"2024-11-25T13:16:26","date_gmt":"2024-11-25T19:16:26","guid":{"rendered":"https:\/\/gobernacionaltaverapaz.gob.gt\/?p=20802"},"modified":"2024-11-27T14:55:27","modified_gmt":"2024-11-27T20:55:27","slug":"dia-internacional-de-la-eliminacion-de-la-violencia-contra-la-mujer","status":"publish","type":"post","link":"https:\/\/gobernacionaltaverapaz.gob.gt\/?p=20802","title":{"rendered":"D\u00eda Internacional de la Eliminaci\u00f3n de la Violencia contra la Mujer"},"content":{"rendered":"<div class=\"xdj266r x11i5rnm xat24cr x1mh8g0r x1vvkbs x126k92a\">\n<div dir=\"auto\" style=\"text-align: justify;\">Hoy, 25 de noviembre, en el marco del D\u00eda Internacional de la Eliminaci\u00f3n de la Violencia contra la Mujer, se llev\u00f3 a cabo un foro en el Sal\u00f3n de las Am\u00e9ricas de la Gobernaci\u00f3n Departamental, organizado por la Red VET, Planea<\/div>\n<\/div>\n<div class=\"x11i5rnm xat24cr x1mh8g0r x1vvkbs xtlvy1s x126k92a\" style=\"text-align: justify;\">\n<div dir=\"auto\">Con la participaci\u00f3n de panelistas como la Licda. Elena Caal (DEMI), la Gobernadora Dilia Margarita C\u00f3 Coy y la diputada Alma Luz Guerrero, moderado por la Licda. M\u00f3nica Briones, el evento resalt\u00f3 la importancia de empoderar y promover acciones en la lucha contra la violencia hacia las mujeres.<\/div>\n<\/div>\n<div class=\"x11i5rnm xat24cr x1mh8g0r x1vvkbs xtlvy1s x126k92a\">\n<div dir=\"auto\" style=\"text-align: justify;\">Este d\u00eda busca recordar y combatir las m\u00faltiples formas de violencia que enfrentan las mujeres en todo el mundo.<\/div>\n<\/div>\n<p>&nbsp;<\/p>\n<p>&nbsp;<\/p>\n<div><\/div>\n","protected":false},"excerpt":{"rendered":"<p>Hoy, 25 de noviembre, en el marco del D\u00eda Internacional de la Eliminaci\u00f3n de la Violencia contra la Mujer, se llev\u00f3 a cabo un foro en el Sal\u00f3n de las Am\u00e9ricas de la Gobernaci\u00f3n Departamental, organizado por la Red VET, Planea Con la participaci\u00f3n de panelistas como la Licda. Elena Caal (DEMI), la Gobernadora Dilia [&hellip;]<\/p>\n","protected":false},"author":1,"featured_media":20803,"comment_status":"closed","ping_status":"open","sticky":false,"template":"","format":"gallery","meta":[],"categories":[183],"tags":[178],"_links":{"self":[{"href":"https:\/\/gobernacionaltaverapaz.gob.gt\/index.php?rest_route=\/wp\/v2\/posts\/20802"}],"collection":[{"href":"https:\/\/gobernacionaltaverapaz.gob.gt\/index.php?rest_route=\/wp\/v2\/posts"}],"about":[{"href":"https:\/\/gobernacionaltaverapaz.gob.gt\/index.php?rest_route=\/wp\/v2\/types\/post"}],"author":[{"embeddable":true,"href":"https:\/\/gobernacionaltaverapaz.gob.gt\/index.php?rest_route=\/wp\/v2\/users\/1"}],"replies":[{"embeddable":true,"href":"https:\/\/gobernacionaltaverapaz.gob.gt\/index.php?rest_route=%2Fwp%2Fv2%2Fcomments&post=20802"}],"version-history":[{"count":1,"href":"https:\/\/gobernacionaltaverapaz.gob.gt\/index.php?rest_route=\/wp\/v2\/posts\/20802\/revisions"}],"predecessor-version":[{"id":20804,"href":"https:\/\/gobernacionaltaverapaz.gob.gt\/index.php?rest_route=\/wp\/v2\/posts\/20802\/revisions\/20804"}],"wp:featuredmedia":[{"embeddable":true,"href":"https:\/\/gobernacionaltaverapaz.gob.gt\/index.php?rest_route=\/wp\/v2\/media\/20803"}],"wp:attachment":[{"href":"https:\/\/gobernacionaltaverapaz.gob.gt\/index.php?rest_route=%2Fwp%2Fv2%2Fmedia&parent=20802"}],"wp:term":[{"taxonomy":"category","embeddable":true,"href":"https:\/\/gobernacionaltaverapaz.gob.gt\/index.php?rest_route=%2Fwp%2Fv2%2Fcategories&post=20802"},{"taxonomy":"post_tag","embeddable":true,"href":"https:\/\/gobernacionaltaverapaz.gob.gt\/index.php?rest_route=%2Fwp%2Fv2%2Ftags&post=20802"}],"curies":[{"name":"wp","href":"https:\/\/api.w.org\/{rel}","templated":true}]}}