{"id":20817,"date":"2024-11-27T17:39:16","date_gmt":"2024-11-27T23:39:16","guid":{"rendered":"https:\/\/gobernacionaltaverapaz.gob.gt\/?p=20817"},"modified":"2024-12-03T14:22:19","modified_gmt":"2024-12-03T20:22:19","slug":"programa-acomprograma-acompaname-a-crecer-impulsado-por-unicef-y-coni-se-presento-en-san-pedro-carcha","status":"publish","type":"post","link":"https:\/\/gobernacionaltaverapaz.gob.gt\/?p=20817","title":{"rendered":"programa &#8220;AcomPrograma &#8220;Acomp\u00e1\u00f1ame a Crecer&#8221;, impulsado por UNICEF y CONI, se present\u00f3 en San Pedro Carch\u00e1"},"content":{"rendered":"<div class=\"html-div xdj266r x11i5rnm xat24cr x1mh8g0r xexx8yu x4uap5 x18d9i69 xkhd6sd\" dir=\"auto\">\n<div class=\"html-div xdj266r x11i5rnm xat24cr x1mh8g0r xexx8yu x4uap5 x18d9i69 xkhd6sd\" data-ad-rendering-role=\"story_message\">\n<div id=\":rk0:\" class=\"x1l90r2v x1iorvi4 x1ye3gou xn6708d\" data-ad-comet-preview=\"message\" data-ad-preview=\"message\">\n<div class=\"x78zum5 xdt5ytf xz62fqu x16ldp7u\">\n<div class=\"xu06os2 x1ok221b\">\n<div class=\"xdj266r x11i5rnm xat24cr x1mh8g0r x1vvkbs x126k92a\">\n<div dir=\"auto\" style=\"text-align: justify;\">El programa &#8220;Acomp\u00e1\u00f1ame a Crecer&#8221;, impulsado por UNICEF y CONI, se present\u00f3 en San Pedro Carch\u00e1 con el apoyo del Ministerio de Educaci\u00f3n, SESAN, representantes municipales de Chisec, y el alcalde Edwin Cat\u00fan, junto a la gobernadora departamental.<\/div>\n<\/div>\n<div class=\"x11i5rnm xat24cr x1mh8g0r x1vvkbs xtlvy1s x126k92a\">\n<div dir=\"auto\" style=\"text-align: justify;\">Esta iniciativa, dirigida a ni\u00f1os y ni\u00f1as de 0 a 4 a\u00f1os, busca combatir la desnutrici\u00f3n cr\u00f3nica mediante estrategias integrales que fomentan el aprendizaje temprano y el desarrollo infantil en comunidades vulnerables.<\/div>\n<\/div>\n<\/div>\n<\/div>\n<\/div>\n<\/div>\n<\/div>\n<p>&nbsp;<\/p>\n<div><\/div>\n","protected":false},"excerpt":{"rendered":"<p>El programa &#8220;Acomp\u00e1\u00f1ame a Crecer&#8221;, impulsado por UNICEF y CONI, se present\u00f3 en San Pedro Carch\u00e1 con el apoyo del Ministerio de Educaci\u00f3n, SESAN, representantes municipales de Chisec, y el alcalde Edwin Cat\u00fan, junto a la gobernadora departamental. Esta iniciativa, dirigida a ni\u00f1os y ni\u00f1as de 0 a 4 a\u00f1os, busca combatir la desnutrici\u00f3n cr\u00f3nica [&hellip;]<\/p>\n","protected":false},"author":1,"featured_media":20818,"comment_status":"closed","ping_status":"open","sticky":false,"template":"","format":"gallery","meta":[],"categories":[182],"tags":[178],"_links":{"self":[{"href":"https:\/\/gobernacionaltaverapaz.gob.gt\/index.php?rest_route=\/wp\/v2\/posts\/20817"}],"collection":[{"href":"https:\/\/gobernacionaltaverapaz.gob.gt\/index.php?rest_route=\/wp\/v2\/posts"}],"about":[{"href":"https:\/\/gobernacionaltaverapaz.gob.gt\/index.php?rest_route=\/wp\/v2\/types\/post"}],"author":[{"embeddable":true,"href":"https:\/\/gobernacionaltaverapaz.gob.gt\/index.php?rest_route=\/wp\/v2\/users\/1"}],"replies":[{"embeddable":true,"href":"https:\/\/gobernacionaltaverapaz.gob.gt\/index.php?rest_route=%2Fwp%2Fv2%2Fcomments&post=20817"}],"version-history":[{"count":1,"href":"https:\/\/gobernacionaltaverapaz.gob.gt\/index.php?rest_route=\/wp\/v2\/posts\/20817\/revisions"}],"predecessor-version":[{"id":20819,"href":"https:\/\/gobernacionaltaverapaz.gob.gt\/index.php?rest_route=\/wp\/v2\/posts\/20817\/revisions\/20819"}],"wp:featuredmedia":[{"embeddable":true,"href":"https:\/\/gobernacionaltaverapaz.gob.gt\/index.php?rest_route=\/wp\/v2\/media\/20818"}],"wp:attachment":[{"href":"https:\/\/gobernacionaltaverapaz.gob.gt\/index.php?rest_route=%2Fwp%2Fv2%2Fmedia&parent=20817"}],"wp:term":[{"taxonomy":"category","embeddable":true,"href":"https:\/\/gobernacionaltaverapaz.gob.gt\/index.php?rest_route=%2Fwp%2Fv2%2Fcategories&post=20817"},{"taxonomy":"post_tag","embeddable":true,"href":"https:\/\/gobernacionaltaverapaz.gob.gt\/index.php?rest_route=%2Fwp%2Fv2%2Ftags&post=20817"}],"curies":[{"name":"wp","href":"https:\/\/api.w.org\/{rel}","templated":true}]}}