{"id":20862,"date":"2024-12-02T09:33:58","date_gmt":"2024-12-02T15:33:58","guid":{"rendered":"https:\/\/gobernacionaltaverapaz.gob.gt\/?p=20862"},"modified":"2024-12-03T15:22:45","modified_gmt":"2024-12-03T21:22:45","slug":"jovenes-del-servicio-civico-se-graduaron-de-reservistas-militares-en-el-parque-navidad","status":"publish","type":"post","link":"https:\/\/gobernacionaltaverapaz.gob.gt\/?p=20862","title":{"rendered":"J\u00f3venes del servicio C\u00edvico se graduaron de Reservistas Militares en el Parque Navidad"},"content":{"rendered":"<div class=\"xdj266r x11i5rnm xat24cr x1mh8g0r x1vvkbs x126k92a\">\n<div dir=\"auto\" style=\"text-align: justify;\">La Gobernadora Dilia Margarita C\u00f3 Coy felicita a los j\u00f3venes del Servicio C\u00edvico que este pasado s\u00e1bado 30 de noviembre de 2024 se graduaron de Reservistas Militares en el Parque Navidad de las instalaciones del Palacio de Gobernaci\u00f3n Departamental de Alta Verapaz.<\/div>\n<\/div>\n<div class=\"x11i5rnm xat24cr x1mh8g0r x1vvkbs xtlvy1s x126k92a\" style=\"text-align: justify;\">\n<div dir=\"auto\">Los Reservistas Militares son ciudadanos entre los 18 y 35 a\u00f1os, que se integran voluntariamente a un entrenamiento de diez meses, durante los cuales son capacitados y entrenados en adiestramiento militar, gesti\u00f3n de riesgos y proyecci\u00f3n social; permitiendo a los j\u00f3venes participar en actividades que crean conciencia social y promueven el desarrollo del pa\u00eds.<\/div>\n<\/div>\n<div class=\"x11i5rnm xat24cr x1mh8g0r x1vvkbs xtlvy1s x126k92a\">\n<div dir=\"auto\" style=\"text-align: justify;\">En la actividad participaron autoridades militares y civiles del departamento y fue acompa\u00f1ada por las familias de los j\u00f3venes.<\/div>\n<\/div>\n<p>&nbsp;<\/p>\n<div><\/div>\n","protected":false},"excerpt":{"rendered":"<p>La Gobernadora Dilia Margarita C\u00f3 Coy felicita a los j\u00f3venes del Servicio C\u00edvico que este pasado s\u00e1bado 30 de noviembre de 2024 se graduaron de Reservistas Militares en el Parque Navidad de las instalaciones del Palacio de Gobernaci\u00f3n Departamental de Alta Verapaz. Los Reservistas Militares son ciudadanos entre los 18 y 35 a\u00f1os, que se [&hellip;]<\/p>\n","protected":false},"author":1,"featured_media":20852,"comment_status":"closed","ping_status":"open","sticky":false,"template":"","format":"gallery","meta":[],"categories":[183],"tags":[178],"_links":{"self":[{"href":"https:\/\/gobernacionaltaverapaz.gob.gt\/index.php?rest_route=\/wp\/v2\/posts\/20862"}],"collection":[{"href":"https:\/\/gobernacionaltaverapaz.gob.gt\/index.php?rest_route=\/wp\/v2\/posts"}],"about":[{"href":"https:\/\/gobernacionaltaverapaz.gob.gt\/index.php?rest_route=\/wp\/v2\/types\/post"}],"author":[{"embeddable":true,"href":"https:\/\/gobernacionaltaverapaz.gob.gt\/index.php?rest_route=\/wp\/v2\/users\/1"}],"replies":[{"embeddable":true,"href":"https:\/\/gobernacionaltaverapaz.gob.gt\/index.php?rest_route=%2Fwp%2Fv2%2Fcomments&post=20862"}],"version-history":[{"count":1,"href":"https:\/\/gobernacionaltaverapaz.gob.gt\/index.php?rest_route=\/wp\/v2\/posts\/20862\/revisions"}],"predecessor-version":[{"id":20863,"href":"https:\/\/gobernacionaltaverapaz.gob.gt\/index.php?rest_route=\/wp\/v2\/posts\/20862\/revisions\/20863"}],"wp:featuredmedia":[{"embeddable":true,"href":"https:\/\/gobernacionaltaverapaz.gob.gt\/index.php?rest_route=\/wp\/v2\/media\/20852"}],"wp:attachment":[{"href":"https:\/\/gobernacionaltaverapaz.gob.gt\/index.php?rest_route=%2Fwp%2Fv2%2Fmedia&parent=20862"}],"wp:term":[{"taxonomy":"category","embeddable":true,"href":"https:\/\/gobernacionaltaverapaz.gob.gt\/index.php?rest_route=%2Fwp%2Fv2%2Fcategories&post=20862"},{"taxonomy":"post_tag","embeddable":true,"href":"https:\/\/gobernacionaltaverapaz.gob.gt\/index.php?rest_route=%2Fwp%2Fv2%2Ftags&post=20862"}],"curies":[{"name":"wp","href":"https:\/\/api.w.org\/{rel}","templated":true}]}}