{"id":20897,"date":"2024-12-03T16:12:35","date_gmt":"2024-12-03T22:12:35","guid":{"rendered":"https:\/\/gobernacionaltaverapaz.gob.gt\/?p=20897"},"modified":"2024-12-09T15:13:15","modified_gmt":"2024-12-09T21:13:15","slug":"ampliacion-de-la-carretera-hacia-semuc-champey","status":"publish","type":"post","link":"https:\/\/gobernacionaltaverapaz.gob.gt\/?p=20897","title":{"rendered":"Ampliaci\u00f3n de la carretera hacia Semuc Champey"},"content":{"rendered":"<p style=\"text-align: justify;\"><span class=\"x193iq5w xeuugli x13faqbe x1vvkbs x1xmvt09 x1lliihq x1s928wv xhkezso x1gmr53x x1cpjm7i x1fgarty x1943h6x xudqn12 x3x7a5m x6prxxf xvq8zen xo1l8bm xzsf02u x1yc453h\" dir=\"auto\">Los trabajos de mejoramiento del trayecto entre Lanqu\u00edn y Semuc Champey, Lanqu\u00edn, Alta Verapaz, que corresponde a la carretera RD-AVE-07 contin\u00faan avanzando en beneficio de m\u00e1s de 27 mil habitantes de la regi\u00f3n. Esto, sin contar a los cientos de turistas que cada a\u00f1o visitan esta regi\u00f3n del pa\u00eds por su belleza y riqueza natural. <\/span><\/p>\n<p>&nbsp;<\/p>\n<div><\/div>\n","protected":false},"excerpt":{"rendered":"<p>Los trabajos de mejoramiento del trayecto entre Lanqu\u00edn y Semuc Champey, Lanqu\u00edn, Alta Verapaz, que corresponde a la carretera RD-AVE-07 contin\u00faan avanzando en beneficio de m\u00e1s de 27 mil habitantes de la regi\u00f3n. Esto, sin contar a los cientos de turistas que cada a\u00f1o visitan esta regi\u00f3n del pa\u00eds por su belleza y riqueza natural. [&hellip;]<\/p>\n","protected":false},"author":1,"featured_media":20891,"comment_status":"closed","ping_status":"open","sticky":false,"template":"","format":"gallery","meta":[],"categories":[4],"tags":[178],"_links":{"self":[{"href":"https:\/\/gobernacionaltaverapaz.gob.gt\/index.php?rest_route=\/wp\/v2\/posts\/20897"}],"collection":[{"href":"https:\/\/gobernacionaltaverapaz.gob.gt\/index.php?rest_route=\/wp\/v2\/posts"}],"about":[{"href":"https:\/\/gobernacionaltaverapaz.gob.gt\/index.php?rest_route=\/wp\/v2\/types\/post"}],"author":[{"embeddable":true,"href":"https:\/\/gobernacionaltaverapaz.gob.gt\/index.php?rest_route=\/wp\/v2\/users\/1"}],"replies":[{"embeddable":true,"href":"https:\/\/gobernacionaltaverapaz.gob.gt\/index.php?rest_route=%2Fwp%2Fv2%2Fcomments&post=20897"}],"version-history":[{"count":1,"href":"https:\/\/gobernacionaltaverapaz.gob.gt\/index.php?rest_route=\/wp\/v2\/posts\/20897\/revisions"}],"predecessor-version":[{"id":20898,"href":"https:\/\/gobernacionaltaverapaz.gob.gt\/index.php?rest_route=\/wp\/v2\/posts\/20897\/revisions\/20898"}],"wp:featuredmedia":[{"embeddable":true,"href":"https:\/\/gobernacionaltaverapaz.gob.gt\/index.php?rest_route=\/wp\/v2\/media\/20891"}],"wp:attachment":[{"href":"https:\/\/gobernacionaltaverapaz.gob.gt\/index.php?rest_route=%2Fwp%2Fv2%2Fmedia&parent=20897"}],"wp:term":[{"taxonomy":"category","embeddable":true,"href":"https:\/\/gobernacionaltaverapaz.gob.gt\/index.php?rest_route=%2Fwp%2Fv2%2Fcategories&post=20897"},{"taxonomy":"post_tag","embeddable":true,"href":"https:\/\/gobernacionaltaverapaz.gob.gt\/index.php?rest_route=%2Fwp%2Fv2%2Ftags&post=20897"}],"curies":[{"name":"wp","href":"https:\/\/api.w.org\/{rel}","templated":true}]}}