{"id":20910,"date":"2024-12-03T16:58:37","date_gmt":"2024-12-03T22:58:37","guid":{"rendered":"https:\/\/gobernacionaltaverapaz.gob.gt\/?p=20910"},"modified":"2024-12-09T15:27:11","modified_gmt":"2024-12-09T21:27:11","slug":"taller-para-presentacion-de-proyecto-nuevos","status":"publish","type":"post","link":"https:\/\/gobernacionaltaverapaz.gob.gt\/?p=20910","title":{"rendered":"Taller para Presentaci\u00f3n de Proyecto Nuevos"},"content":{"rendered":"<div class=\"html-div xdj266r x11i5rnm xat24cr x1mh8g0r xexx8yu x4uap5 x18d9i69 xkhd6sd\" dir=\"auto\">\n<div class=\"html-div xdj266r x11i5rnm xat24cr x1mh8g0r xexx8yu x4uap5 x18d9i69 xkhd6sd\" data-ad-rendering-role=\"story_message\">\n<div id=\":rdi:\" class=\"x1l90r2v x1iorvi4 x1ye3gou xn6708d\" data-ad-comet-preview=\"message\" data-ad-preview=\"message\">\n<div class=\"x78zum5 xdt5ytf xz62fqu x16ldp7u\">\n<div class=\"xu06os2 x1ok221b\">\n<div class=\"xdj266r x11i5rnm xat24cr x1mh8g0r x1vvkbs x126k92a\">\n<div dir=\"auto\" style=\"text-align: justify;\">El pasado Jueves 28 de Noviembre en una reuni\u00f3n organizada por el Ministerio de Comunicaciones, Infraestructura y Vivienda (MICIV), la Gobernadora Departamental de Alta Verapaz acompa\u00f1\u00f3 a los Se\u00f1ores Alcaldes en la discusi\u00f3n de temas clave para la mejora de la infraestructura vial en la regi\u00f3n. Uno de los puntos centrales fue la gesti\u00f3n de avales y el registro de rutas, donde se resalt\u00f3 la necesidad de procedimientos eficientes y transparentes para garantizar la ejecuci\u00f3n de proyectos que conecten comunidades y mejoren la movilidad en el departamento.<\/div>\n<\/div>\n<div class=\"x11i5rnm xat24cr x1mh8g0r x1vvkbs xtlvy1s x126k92a\">\n<div dir=\"auto\" style=\"text-align: justify;\">Adem\u00e1s, se abord\u00f3 la problem\u00e1tica de los t\u00famulos construidos de manera irregular, haciendo un llamado a la poblaci\u00f3n para respetar los lineamientos establecidos. Se destac\u00f3 la importancia de construir t\u00famulos autorizados, que cumplan con normativas t\u00e9cnicas, para evitar da\u00f1os en las carreteras y garantizar la seguridad vial. Este acompa\u00f1amiento refuerza el compromiso de las autoridades para trabajar de la mano con las comunidades en la b\u00fasqueda de soluciones sostenibles y ordenadas.<\/div>\n<\/div>\n<\/div>\n<\/div>\n<\/div>\n<\/div>\n<\/div>\n<p>&nbsp;<\/p>\n<div><\/div>\n","protected":false},"excerpt":{"rendered":"<p>El pasado Jueves 28 de Noviembre en una reuni\u00f3n organizada por el Ministerio de Comunicaciones, Infraestructura y Vivienda (MICIV), la Gobernadora Departamental de Alta Verapaz acompa\u00f1\u00f3 a los Se\u00f1ores Alcaldes en la discusi\u00f3n de temas clave para la mejora de la infraestructura vial en la regi\u00f3n. Uno de los puntos centrales fue la gesti\u00f3n de [&hellip;]<\/p>\n","protected":false},"author":1,"featured_media":20899,"comment_status":"closed","ping_status":"open","sticky":false,"template":"","format":"gallery","meta":[],"categories":[183],"tags":[178],"_links":{"self":[{"href":"https:\/\/gobernacionaltaverapaz.gob.gt\/index.php?rest_route=\/wp\/v2\/posts\/20910"}],"collection":[{"href":"https:\/\/gobernacionaltaverapaz.gob.gt\/index.php?rest_route=\/wp\/v2\/posts"}],"about":[{"href":"https:\/\/gobernacionaltaverapaz.gob.gt\/index.php?rest_route=\/wp\/v2\/types\/post"}],"author":[{"embeddable":true,"href":"https:\/\/gobernacionaltaverapaz.gob.gt\/index.php?rest_route=\/wp\/v2\/users\/1"}],"replies":[{"embeddable":true,"href":"https:\/\/gobernacionaltaverapaz.gob.gt\/index.php?rest_route=%2Fwp%2Fv2%2Fcomments&post=20910"}],"version-history":[{"count":1,"href":"https:\/\/gobernacionaltaverapaz.gob.gt\/index.php?rest_route=\/wp\/v2\/posts\/20910\/revisions"}],"predecessor-version":[{"id":20911,"href":"https:\/\/gobernacionaltaverapaz.gob.gt\/index.php?rest_route=\/wp\/v2\/posts\/20910\/revisions\/20911"}],"wp:featuredmedia":[{"embeddable":true,"href":"https:\/\/gobernacionaltaverapaz.gob.gt\/index.php?rest_route=\/wp\/v2\/media\/20899"}],"wp:attachment":[{"href":"https:\/\/gobernacionaltaverapaz.gob.gt\/index.php?rest_route=%2Fwp%2Fv2%2Fmedia&parent=20910"}],"wp:term":[{"taxonomy":"category","embeddable":true,"href":"https:\/\/gobernacionaltaverapaz.gob.gt\/index.php?rest_route=%2Fwp%2Fv2%2Fcategories&post=20910"},{"taxonomy":"post_tag","embeddable":true,"href":"https:\/\/gobernacionaltaverapaz.gob.gt\/index.php?rest_route=%2Fwp%2Fv2%2Ftags&post=20910"}],"curies":[{"name":"wp","href":"https:\/\/api.w.org\/{rel}","templated":true}]}}