{"id":20937,"date":"2024-12-05T16:38:06","date_gmt":"2024-12-05T22:38:06","guid":{"rendered":"https:\/\/gobernacionaltaverapaz.gob.gt\/?p=20937"},"modified":"2024-12-09T15:48:42","modified_gmt":"2024-12-09T21:48:42","slug":"inauguracion-del-comedor-social","status":"publish","type":"post","link":"https:\/\/gobernacionaltaverapaz.gob.gt\/?p=20937","title":{"rendered":"Inauguraci\u00f3n del Comedor Social"},"content":{"rendered":"<div class=\"html-div xdj266r x11i5rnm xat24cr x1mh8g0r xexx8yu x4uap5 x18d9i69 xkhd6sd\" dir=\"auto\">\n<div class=\"html-div xdj266r x11i5rnm xat24cr x1mh8g0r xexx8yu x4uap5 x18d9i69 xkhd6sd\" data-ad-rendering-role=\"story_message\">\n<div id=\":r6a:\" class=\"x1l90r2v x1iorvi4 x1ye3gou xn6708d\" data-ad-comet-preview=\"message\" data-ad-preview=\"message\">\n<div class=\"x78zum5 xdt5ytf xz62fqu x16ldp7u\">\n<div class=\"xu06os2 x1ok221b\">\n<div class=\"xdj266r x11i5rnm xat24cr x1mh8g0r x1vvkbs x126k92a\">\n<div dir=\"auto\" style=\"text-align: justify;\">En el municipio de San Agust\u00edn Lanqu\u00edn, Alta Verapaz, se llev\u00f3 a cabo la inauguraci\u00f3n del Comedor Social, un proyecto impulsado por el Ministerio de Desarrollo Social (MIDES) con el objetivo de brindar apoyo alimentario a las familias m\u00e1s necesitadas de la regi\u00f3n.<\/div>\n<\/div>\n<div class=\"x11i5rnm xat24cr x1mh8g0r x1vvkbs xtlvy1s x126k92a\">\n<div dir=\"auto\" style=\"text-align: justify;\">El evento cont\u00f3 con la participaci\u00f3n de la Gobernadora Departamental de Alta Verapaz, Dilia Margarita C\u00f3 Coy, y la Viceministra de Pol\u00edtica, Planificaci\u00f3n y Evaluaci\u00f3n Mar\u00eda Alejandra Menaldo y el Alcalde Edin Rolando Pop, quienes destacaron la importancia de estas iniciativas para combatir la inseguridad alimentaria y promover el bienestar comunitario. Este esfuerzo reafirma el compromiso del gobierno en generar condiciones que mejoren la calidad de vida de los habitantes de Alta Verapaz<\/div>\n<\/div>\n<\/div>\n<\/div>\n<\/div>\n<\/div>\n<\/div>\n<p>&nbsp;<\/p>\n<p>&nbsp;<\/p>\n<div><\/div>\n","protected":false},"excerpt":{"rendered":"<p>En el municipio de San Agust\u00edn Lanqu\u00edn, Alta Verapaz, se llev\u00f3 a cabo la inauguraci\u00f3n del Comedor Social, un proyecto impulsado por el Ministerio de Desarrollo Social (MIDES) con el objetivo de brindar apoyo alimentario a las familias m\u00e1s necesitadas de la regi\u00f3n. El evento cont\u00f3 con la participaci\u00f3n de la Gobernadora Departamental de Alta [&hellip;]<\/p>\n","protected":false},"author":1,"featured_media":20924,"comment_status":"closed","ping_status":"open","sticky":false,"template":"","format":"gallery","meta":[],"categories":[183],"tags":[178],"_links":{"self":[{"href":"https:\/\/gobernacionaltaverapaz.gob.gt\/index.php?rest_route=\/wp\/v2\/posts\/20937"}],"collection":[{"href":"https:\/\/gobernacionaltaverapaz.gob.gt\/index.php?rest_route=\/wp\/v2\/posts"}],"about":[{"href":"https:\/\/gobernacionaltaverapaz.gob.gt\/index.php?rest_route=\/wp\/v2\/types\/post"}],"author":[{"embeddable":true,"href":"https:\/\/gobernacionaltaverapaz.gob.gt\/index.php?rest_route=\/wp\/v2\/users\/1"}],"replies":[{"embeddable":true,"href":"https:\/\/gobernacionaltaverapaz.gob.gt\/index.php?rest_route=%2Fwp%2Fv2%2Fcomments&post=20937"}],"version-history":[{"count":1,"href":"https:\/\/gobernacionaltaverapaz.gob.gt\/index.php?rest_route=\/wp\/v2\/posts\/20937\/revisions"}],"predecessor-version":[{"id":20938,"href":"https:\/\/gobernacionaltaverapaz.gob.gt\/index.php?rest_route=\/wp\/v2\/posts\/20937\/revisions\/20938"}],"wp:featuredmedia":[{"embeddable":true,"href":"https:\/\/gobernacionaltaverapaz.gob.gt\/index.php?rest_route=\/wp\/v2\/media\/20924"}],"wp:attachment":[{"href":"https:\/\/gobernacionaltaverapaz.gob.gt\/index.php?rest_route=%2Fwp%2Fv2%2Fmedia&parent=20937"}],"wp:term":[{"taxonomy":"category","embeddable":true,"href":"https:\/\/gobernacionaltaverapaz.gob.gt\/index.php?rest_route=%2Fwp%2Fv2%2Fcategories&post=20937"},{"taxonomy":"post_tag","embeddable":true,"href":"https:\/\/gobernacionaltaverapaz.gob.gt\/index.php?rest_route=%2Fwp%2Fv2%2Ftags&post=20937"}],"curies":[{"name":"wp","href":"https:\/\/api.w.org\/{rel}","templated":true}]}}