{"id":21045,"date":"2024-12-12T11:52:11","date_gmt":"2024-12-12T17:52:11","guid":{"rendered":"https:\/\/gobernacionaltaverapaz.gob.gt\/?p=21045"},"modified":"2024-12-16T10:18:15","modified_gmt":"2024-12-16T16:18:15","slug":"mides-continua-realizando-la-entrega-del-bono-unico","status":"publish","type":"post","link":"https:\/\/gobernacionaltaverapaz.gob.gt\/?p=21045","title":{"rendered":"-MIDES- contin\u00faa realizando la entrega del Bono \u00danico"},"content":{"rendered":"<div class=\"xdj266r x11i5rnm xat24cr x1mh8g0r x1vvkbs x126k92a\">\n<div dir=\"auto\" style=\"text-align: justify;\">Hoy, 12 de diciembre, en el Gimnasio Municipal de San Pedro Carch\u00e1, se llev\u00f3 a cabo la entrega del Bono \u00danico, una iniciativa del Ministerio de Desarrollo Social (MIDES) para apoyar a las familias guatemaltecas.<\/div>\n<\/div>\n<div class=\"x11i5rnm xat24cr x1mh8g0r x1vvkbs xtlvy1s x126k92a\">\n<div dir=\"auto\" style=\"text-align: justify;\">El evento cont\u00f3 con la presencia de la Gobernadora Departamental, la delegada del Ministerio de Desarrollo Social (MIDES), Thelma Gabriela Pacay; y el Alcalde Municipal de San Pedro Carch\u00e1, Erwin Alfonso Cat\u00fan. Reafirmamos el compromiso de impulsar el desarrollo y bienestar en Alta Verapaz.<\/div>\n<\/div>\n<p>&nbsp;<\/p>\n<div><\/div>\n","protected":false},"excerpt":{"rendered":"<p>Hoy, 12 de diciembre, en el Gimnasio Municipal de San Pedro Carch\u00e1, se llev\u00f3 a cabo la entrega del Bono \u00danico, una iniciativa del Ministerio de Desarrollo Social (MIDES) para apoyar a las familias guatemaltecas. El evento cont\u00f3 con la presencia de la Gobernadora Departamental, la delegada del Ministerio de Desarrollo Social (MIDES), Thelma Gabriela [&hellip;]<\/p>\n","protected":false},"author":1,"featured_media":21033,"comment_status":"closed","ping_status":"open","sticky":false,"template":"","format":"gallery","meta":[],"categories":[182],"tags":[178],"_links":{"self":[{"href":"https:\/\/gobernacionaltaverapaz.gob.gt\/index.php?rest_route=\/wp\/v2\/posts\/21045"}],"collection":[{"href":"https:\/\/gobernacionaltaverapaz.gob.gt\/index.php?rest_route=\/wp\/v2\/posts"}],"about":[{"href":"https:\/\/gobernacionaltaverapaz.gob.gt\/index.php?rest_route=\/wp\/v2\/types\/post"}],"author":[{"embeddable":true,"href":"https:\/\/gobernacionaltaverapaz.gob.gt\/index.php?rest_route=\/wp\/v2\/users\/1"}],"replies":[{"embeddable":true,"href":"https:\/\/gobernacionaltaverapaz.gob.gt\/index.php?rest_route=%2Fwp%2Fv2%2Fcomments&post=21045"}],"version-history":[{"count":1,"href":"https:\/\/gobernacionaltaverapaz.gob.gt\/index.php?rest_route=\/wp\/v2\/posts\/21045\/revisions"}],"predecessor-version":[{"id":21046,"href":"https:\/\/gobernacionaltaverapaz.gob.gt\/index.php?rest_route=\/wp\/v2\/posts\/21045\/revisions\/21046"}],"wp:featuredmedia":[{"embeddable":true,"href":"https:\/\/gobernacionaltaverapaz.gob.gt\/index.php?rest_route=\/wp\/v2\/media\/21033"}],"wp:attachment":[{"href":"https:\/\/gobernacionaltaverapaz.gob.gt\/index.php?rest_route=%2Fwp%2Fv2%2Fmedia&parent=21045"}],"wp:term":[{"taxonomy":"category","embeddable":true,"href":"https:\/\/gobernacionaltaverapaz.gob.gt\/index.php?rest_route=%2Fwp%2Fv2%2Fcategories&post=21045"},{"taxonomy":"post_tag","embeddable":true,"href":"https:\/\/gobernacionaltaverapaz.gob.gt\/index.php?rest_route=%2Fwp%2Fv2%2Ftags&post=21045"}],"curies":[{"name":"wp","href":"https:\/\/api.w.org\/{rel}","templated":true}]}}