{"id":21119,"date":"2024-12-19T15:42:23","date_gmt":"2024-12-19T21:42:23","guid":{"rendered":"https:\/\/gobernacionaltaverapaz.gob.gt\/?p=21119"},"modified":"2024-12-22T18:43:41","modified_gmt":"2024-12-23T00:43:41","slug":"actividad-un-dia-con-mi-comunidad","status":"publish","type":"post","link":"https:\/\/gobernacionaltaverapaz.gob.gt\/?p=21119","title":{"rendered":"Actividad &#8220;Un D\u00eda con Mi Comunidad&#8221;"},"content":{"rendered":"<div class=\"xdj266r x11i5rnm xat24cr x1mh8g0r x1vvkbs x126k92a\">\n<div dir=\"auto\" style=\"text-align: justify;\">El pasado domingo 15 de diciembre, la Gobernadora Departamental de Alta Verapaz, Dilia Margarita C\u00f3 Coy, demostr\u00f3 su compromiso con nuestra comunidad al participar en la actividad &#8220;Un D\u00eda con Mi Comunidad&#8221;, organizada por la Delegaci\u00f3n Departamental de Relaciones Comunitarias de la Subdirecci\u00f3n General de Prevenci\u00f3n del Delito de la Polic\u00eda Nacional Civil (PNC).<\/div>\n<\/div>\n<div class=\"x11i5rnm xat24cr x1mh8g0r x1vvkbs xtlvy1s x126k92a\" style=\"text-align: justify;\">\n<div dir=\"auto\">A pesar de la lluvia, la Gobernadora comparti\u00f3 junto a los asistentes momentos llenos de alegr\u00eda y aprendizaje en el parque central de Cob\u00e1n. Este evento incluy\u00f3 actividades recreativas como globoflexia y la animaci\u00f3n del Combo Musical de la PNC.<\/div>\n<\/div>\n<div class=\"x11i5rnm xat24cr x1mh8g0r x1vvkbs xtlvy1s x126k92a\" style=\"text-align: justify;\">\n<div dir=\"auto\">Estas acciones fortalecen la relaci\u00f3n entre la comunidad y nuestras instituciones, promoviendo un entorno de confianza, prevenci\u00f3n y seguridad en el departamento.<\/div>\n<\/div>\n<div class=\"x11i5rnm xat24cr x1mh8g0r x1vvkbs xtlvy1s x126k92a\">\n<div dir=\"auto\" style=\"text-align: justify;\">\u00a1Gracias a todos los participantes y organizadores por su dedicaci\u00f3n y esfuerzo!<\/div>\n<\/div>\n<p>&nbsp;<\/p>\n<p>&nbsp;<\/p>\n<div><\/div>\n","protected":false},"excerpt":{"rendered":"<p>El pasado domingo 15 de diciembre, la Gobernadora Departamental de Alta Verapaz, Dilia Margarita C\u00f3 Coy, demostr\u00f3 su compromiso con nuestra comunidad al participar en la actividad &#8220;Un D\u00eda con Mi Comunidad&#8221;, organizada por la Delegaci\u00f3n Departamental de Relaciones Comunitarias de la Subdirecci\u00f3n General de Prevenci\u00f3n del Delito de la Polic\u00eda Nacional Civil (PNC). A [&hellip;]<\/p>\n","protected":false},"author":1,"featured_media":21111,"comment_status":"closed","ping_status":"open","sticky":false,"template":"","format":"gallery","meta":[],"categories":[183],"tags":[178],"_links":{"self":[{"href":"https:\/\/gobernacionaltaverapaz.gob.gt\/index.php?rest_route=\/wp\/v2\/posts\/21119"}],"collection":[{"href":"https:\/\/gobernacionaltaverapaz.gob.gt\/index.php?rest_route=\/wp\/v2\/posts"}],"about":[{"href":"https:\/\/gobernacionaltaverapaz.gob.gt\/index.php?rest_route=\/wp\/v2\/types\/post"}],"author":[{"embeddable":true,"href":"https:\/\/gobernacionaltaverapaz.gob.gt\/index.php?rest_route=\/wp\/v2\/users\/1"}],"replies":[{"embeddable":true,"href":"https:\/\/gobernacionaltaverapaz.gob.gt\/index.php?rest_route=%2Fwp%2Fv2%2Fcomments&post=21119"}],"version-history":[{"count":1,"href":"https:\/\/gobernacionaltaverapaz.gob.gt\/index.php?rest_route=\/wp\/v2\/posts\/21119\/revisions"}],"predecessor-version":[{"id":21120,"href":"https:\/\/gobernacionaltaverapaz.gob.gt\/index.php?rest_route=\/wp\/v2\/posts\/21119\/revisions\/21120"}],"wp:featuredmedia":[{"embeddable":true,"href":"https:\/\/gobernacionaltaverapaz.gob.gt\/index.php?rest_route=\/wp\/v2\/media\/21111"}],"wp:attachment":[{"href":"https:\/\/gobernacionaltaverapaz.gob.gt\/index.php?rest_route=%2Fwp%2Fv2%2Fmedia&parent=21119"}],"wp:term":[{"taxonomy":"category","embeddable":true,"href":"https:\/\/gobernacionaltaverapaz.gob.gt\/index.php?rest_route=%2Fwp%2Fv2%2Fcategories&post=21119"},{"taxonomy":"post_tag","embeddable":true,"href":"https:\/\/gobernacionaltaverapaz.gob.gt\/index.php?rest_route=%2Fwp%2Fv2%2Ftags&post=21119"}],"curies":[{"name":"wp","href":"https:\/\/api.w.org\/{rel}","templated":true}]}}