{"id":21129,"date":"2024-12-20T12:39:38","date_gmt":"2024-12-20T18:39:38","guid":{"rendered":"https:\/\/gobernacionaltaverapaz.gob.gt\/?p=21129"},"modified":"2024-12-22T22:46:53","modified_gmt":"2024-12-23T04:46:53","slug":"infraestructura-y-los-servicios-medicos-del-hospital","status":"publish","type":"post","link":"https:\/\/gobernacionaltaverapaz.gob.gt\/?p=21129","title":{"rendered":"Infraestructura y los servicios m\u00e9dicos del hospital"},"content":{"rendered":"<div class=\"xdj266r x11i5rnm xat24cr x1mh8g0r x1vvkbs x126k92a\">\n<div dir=\"auto\" style=\"text-align: justify;\">El d\u00eda 19 de diciembre, la Gobernadora de Alta Verapaz, Dilia Margarita C\u00f3 Coy, y la Viceministra de Hospitales del (MSPAS), Sandra Edith Carballo Lemus, visitaron el Municipio de Fray Bartolom\u00e9 de las Casas.<\/div>\n<\/div>\n<div class=\"x11i5rnm xat24cr x1mh8g0r x1vvkbs xtlvy1s x126k92a\">\n<div dir=\"auto\" style=\"text-align: justify;\">En coordinaci\u00f3n con la municipalidad, resaltaron el compromiso de fortalecer la infraestructura y los servicios m\u00e9dicos del hospital, destacando las supervisiones realizadas para garantizar una atenci\u00f3n de calidad a la comunidad.<\/div>\n<\/div>\n<p>&nbsp;<\/p>\n<div><\/div>\n","protected":false},"excerpt":{"rendered":"<p>El d\u00eda 19 de diciembre, la Gobernadora de Alta Verapaz, Dilia Margarita C\u00f3 Coy, y la Viceministra de Hospitales del (MSPAS), Sandra Edith Carballo Lemus, visitaron el Municipio de Fray Bartolom\u00e9 de las Casas. En coordinaci\u00f3n con la municipalidad, resaltaron el compromiso de fortalecer la infraestructura y los servicios m\u00e9dicos del hospital, destacando las supervisiones [&hellip;]<\/p>\n","protected":false},"author":1,"featured_media":21121,"comment_status":"closed","ping_status":"open","sticky":false,"template":"","format":"gallery","meta":[],"categories":[195],"tags":[178],"_links":{"self":[{"href":"https:\/\/gobernacionaltaverapaz.gob.gt\/index.php?rest_route=\/wp\/v2\/posts\/21129"}],"collection":[{"href":"https:\/\/gobernacionaltaverapaz.gob.gt\/index.php?rest_route=\/wp\/v2\/posts"}],"about":[{"href":"https:\/\/gobernacionaltaverapaz.gob.gt\/index.php?rest_route=\/wp\/v2\/types\/post"}],"author":[{"embeddable":true,"href":"https:\/\/gobernacionaltaverapaz.gob.gt\/index.php?rest_route=\/wp\/v2\/users\/1"}],"replies":[{"embeddable":true,"href":"https:\/\/gobernacionaltaverapaz.gob.gt\/index.php?rest_route=%2Fwp%2Fv2%2Fcomments&post=21129"}],"version-history":[{"count":1,"href":"https:\/\/gobernacionaltaverapaz.gob.gt\/index.php?rest_route=\/wp\/v2\/posts\/21129\/revisions"}],"predecessor-version":[{"id":21130,"href":"https:\/\/gobernacionaltaverapaz.gob.gt\/index.php?rest_route=\/wp\/v2\/posts\/21129\/revisions\/21130"}],"wp:featuredmedia":[{"embeddable":true,"href":"https:\/\/gobernacionaltaverapaz.gob.gt\/index.php?rest_route=\/wp\/v2\/media\/21121"}],"wp:attachment":[{"href":"https:\/\/gobernacionaltaverapaz.gob.gt\/index.php?rest_route=%2Fwp%2Fv2%2Fmedia&parent=21129"}],"wp:term":[{"taxonomy":"category","embeddable":true,"href":"https:\/\/gobernacionaltaverapaz.gob.gt\/index.php?rest_route=%2Fwp%2Fv2%2Fcategories&post=21129"},{"taxonomy":"post_tag","embeddable":true,"href":"https:\/\/gobernacionaltaverapaz.gob.gt\/index.php?rest_route=%2Fwp%2Fv2%2Ftags&post=21129"}],"curies":[{"name":"wp","href":"https:\/\/api.w.org\/{rel}","templated":true}]}}