{"id":21190,"date":"2024-12-30T10:40:02","date_gmt":"2024-12-30T16:40:02","guid":{"rendered":"https:\/\/gobernacionaltaverapaz.gob.gt\/?p=21190"},"modified":"2025-01-01T21:08:15","modified_gmt":"2025-01-02T03:08:15","slug":"conmemoracion-de-los-28-anos-de-la-firma-de-los-acuerdos-de-paz-firme-y-duradera-en-guatemala","status":"publish","type":"post","link":"https:\/\/gobernacionaltaverapaz.gob.gt\/?p=21190","title":{"rendered":"Conmemoraci\u00f3n de los 28 a\u00f1os de la Firma de los Acuerdos de Paz Firme y Duradera en Guatemala"},"content":{"rendered":"<div class=\"xdj266r x11i5rnm xat24cr x1mh8g0r x1vvkbs x126k92a\">\n<div dir=\"auto\" style=\"text-align: justify;\">En el marco de la conmemoraci\u00f3n de los 28 a\u00f1os de la Firma de los Acuerdos de Paz Firme y Duradera en Guatemala, la Gobernaci\u00f3n Departamental de Alta Verapaz rindi\u00f3 un merecido homenaje a la Dra. Conchita In\u00e9s Reyes Morales, una mujer ejemplar cuya vida y obra son un testimonio de servicio, compromiso y lucha por los derechos humanos.<\/div>\n<\/div>\n<div class=\"x11i5rnm xat24cr x1mh8g0r x1vvkbs xtlvy1s x126k92a\" style=\"text-align: justify;\">\n<div dir=\"auto\">La Dra. Conchita Reyes, originaria de Santa Mar\u00eda Cahab\u00f3n, ha dedicado su vida a la construcci\u00f3n de una sociedad m\u00e1s justa e inclusiva. Como m\u00e9dica y cirujana formada en la Universidad de San Carlos de Guatemala, maestra y l\u00edder social, ha trabajado incansablemente en beneficio de las comunidades m\u00e1s vulnerables de Alta Verapaz, especialmente las poblaciones ind\u00edgenas.<\/div>\n<\/div>\n<div class=\"x11i5rnm xat24cr x1mh8g0r x1vvkbs xtlvy1s x126k92a\" style=\"text-align: justify;\">\n<div dir=\"auto\">Su trayectoria incluye roles destacados como Coordinadora General de la Pastoral Social C\u00e1ritas de la Di\u00f3cesis de la Verapaz, donde ha liderado proyectos en salud comunitaria, empoderamiento de la mujer, prevenci\u00f3n de la violencia de g\u00e9nero y fortalecimiento de los derechos humanos. Adem\u00e1s, su influencia ha trascendido fronteras como Vicepresidenta de C\u00e1ritas Nacional Guatemala, impulsando estrategias de equidad de g\u00e9nero en toda Am\u00e9rica Latina.<\/div>\n<\/div>\n<div class=\"x11i5rnm xat24cr x1mh8g0r x1vvkbs xtlvy1s x126k92a\">\n<div dir=\"auto\" style=\"text-align: justify;\">En esta ceremonia, reconocemos no solo a una profesional distinguida, sino a una mujer valiente, que, con empat\u00eda y dedicaci\u00f3n, ha transformado vidas y comunidades enteras.<\/div>\n<div dir=\"auto\"><\/div>\n<\/div>\n<div class=\"x11i5rnm xat24cr x1mh8g0r x1vvkbs xtlvy1s x126k92a\">\n<div dir=\"auto\">\u00a0\u00a1Gracias, Dra. Conchita Reyes Morales, por ser un faro de esperanza y justicia para Alta Verapaz y toda Guatemala!<\/div>\n<\/div>\n<p>&nbsp;<\/p>\n<p>&nbsp;<\/p>\n<div><\/div>\n","protected":false},"excerpt":{"rendered":"<p>En el marco de la conmemoraci\u00f3n de los 28 a\u00f1os de la Firma de los Acuerdos de Paz Firme y Duradera en Guatemala, la Gobernaci\u00f3n Departamental de Alta Verapaz rindi\u00f3 un merecido homenaje a la Dra. Conchita In\u00e9s Reyes Morales, una mujer ejemplar cuya vida y obra son un testimonio de servicio, compromiso y lucha [&hellip;]<\/p>\n","protected":false},"author":1,"featured_media":21178,"comment_status":"closed","ping_status":"open","sticky":false,"template":"","format":"gallery","meta":[],"categories":[183],"tags":[178],"_links":{"self":[{"href":"https:\/\/gobernacionaltaverapaz.gob.gt\/index.php?rest_route=\/wp\/v2\/posts\/21190"}],"collection":[{"href":"https:\/\/gobernacionaltaverapaz.gob.gt\/index.php?rest_route=\/wp\/v2\/posts"}],"about":[{"href":"https:\/\/gobernacionaltaverapaz.gob.gt\/index.php?rest_route=\/wp\/v2\/types\/post"}],"author":[{"embeddable":true,"href":"https:\/\/gobernacionaltaverapaz.gob.gt\/index.php?rest_route=\/wp\/v2\/users\/1"}],"replies":[{"embeddable":true,"href":"https:\/\/gobernacionaltaverapaz.gob.gt\/index.php?rest_route=%2Fwp%2Fv2%2Fcomments&post=21190"}],"version-history":[{"count":1,"href":"https:\/\/gobernacionaltaverapaz.gob.gt\/index.php?rest_route=\/wp\/v2\/posts\/21190\/revisions"}],"predecessor-version":[{"id":21191,"href":"https:\/\/gobernacionaltaverapaz.gob.gt\/index.php?rest_route=\/wp\/v2\/posts\/21190\/revisions\/21191"}],"wp:featuredmedia":[{"embeddable":true,"href":"https:\/\/gobernacionaltaverapaz.gob.gt\/index.php?rest_route=\/wp\/v2\/media\/21178"}],"wp:attachment":[{"href":"https:\/\/gobernacionaltaverapaz.gob.gt\/index.php?rest_route=%2Fwp%2Fv2%2Fmedia&parent=21190"}],"wp:term":[{"taxonomy":"category","embeddable":true,"href":"https:\/\/gobernacionaltaverapaz.gob.gt\/index.php?rest_route=%2Fwp%2Fv2%2Fcategories&post=21190"},{"taxonomy":"post_tag","embeddable":true,"href":"https:\/\/gobernacionaltaverapaz.gob.gt\/index.php?rest_route=%2Fwp%2Fv2%2Ftags&post=21190"}],"curies":[{"name":"wp","href":"https:\/\/api.w.org\/{rel}","templated":true}]}}